{"id":1416,"date":"2014-11-18T21:01:16","date_gmt":"2014-11-18T19:01:16","guid":{"rendered":"http:\/\/eks-maintal.de\/cms\/?p=1416"},"modified":"2014-11-23T19:40:50","modified_gmt":"2014-11-23T17:40:50","slug":"tag-der-offenen-tuer-an-der-eks","status":"publish","type":"post","link":"https:\/\/eks-maintal.de\/cms\/tag-der-offenen-tuer-an-der-eks\/","title":{"rendered":"Tag der offenen T\u00fcr an der EKS"},"content":{"rendered":"<p>K\u00e4stnerschule l\u00e4dt Interessierte zum Tag der Offenen T\u00fcr ein<\/p>\n<p style=\"text-align: justify;\">Die Erich K\u00e4stner-Schule l\u00e4dt am Samstag, 29. November 2014 zu ihrem traditionellen Tag der Offenen T\u00fcr ein. Interessierte Maintaler B\u00fcrgerinnen und B\u00fcrger k\u00f6nnen sich von 10 Uhr bis 13 Uhr ausf\u00fchrlich \u00fcber das p\u00e4dagogische Konzept der Integrierten Gesamtschule in Maintal informieren, das Sch\u00fclerinnen und Sch\u00fcler auf alle Bildungsabschl\u00fcsse der Sekundarstufe 1 sowie den \u00dcbergang in die Oberstufe vorbereitet.<\/p>\n<p style=\"text-align: justify;\">Der Tag bietet insbesondere Maintaler Dritt- und Viertkl\u00e4sslern sowie ihren Familien die M\u00f6glichkeit ihre zuk\u00fcnftige Schule samt des umfangreichen Ganztagsbereiches durch Gespr\u00e4che mit Mitgliedern der Schulgemeinde, Informationsst\u00e4nde, Schulf\u00fchrungen sowie Ausstellungen und Vorf\u00fchrungen von Unterrichtsergebnissen der einzelnen Klassen und Kurse n\u00e4her kennen zu lernen. Auch die Eltern der K\u00e4stnersch\u00fclerinnen und \u2013sch\u00fcler sind herzlich eingeladen, die Arbeitsergebnisse ihrer Kinder zu begutachten. Besonderes Highlight ist die Pr\u00e4sentation der verschiedensten Ergebnisse der vorangegangenen Projekttage zum Thema \u201eLicht und Schatten\u201c. Auch f\u00fcr das leibliche Wohl der Besucherinnen und Besucher wird gesorgt. Erich K\u00e4stner-Schule, Adalbert-Stifter-Stra\u00dfe 51, 63477 Maintal-Bischofsheim; <a href=\"http:\/\/www.eks-maintal.de\">www.eks-maintal.de<\/a><\/p>\n<p style=\"text-align: center;\"><a href=\"https:\/\/eks-maintal.de\/cms\/wp-content\/uploads\/2014\/11\/Tag2014.pdf\" target=\"_blank\"><img loading=\"lazy\" decoding=\"async\" class=\"aligncenter  wp-image-1417\" src=\"https:\/\/eks-maintal.de\/cms\/wp-content\/uploads\/2014\/11\/Tag2014Kuchen.jpg\" alt=\"Tag2014Kuchen\" width=\"586\" height=\"414\" \/><\/a>F\u00fcr eine gr\u00f6\u00dfere Darstellung bitte auf das Bild klicken.<\/p>","protected":false},"excerpt":{"rendered":"<p>K\u00e4stnerschule l\u00e4dt Interessierte zum Tag der Offenen T\u00fcr ein Die Erich K\u00e4stner-Schule l\u00e4dt am Samstag, 29. November 2014 zu ihrem traditionellen Tag der Offenen T\u00fcr ein. Interessierte Maintaler B\u00fcrgerinnen und B\u00fcrger k\u00f6nnen sich von 10 Uhr bis 13 Uhr ausf\u00fchrlich \u00fcber das p\u00e4dagogische Konzept der Integrierten Gesamtschule in Maintal informieren, das Sch\u00fclerinnen und Sch\u00fcler auf [&hellip;]<\/p>\n","protected":false},"author":2,"featured_media":0,"comment_status":"closed","ping_status":"closed","sticky":false,"template":"","format":"standard","meta":{"footnotes":""},"categories":[1],"tags":[],"class_list":["post-1416","post","type-post","status-publish","format-standard","hentry","category-allgemein"],"rttpg_featured_image_url":null,"rttpg_author":{"display_name":"admin","author_link":"https:\/\/eks-maintal.de\/cms\/author\/b-jovanovic\/"},"rttpg_comment":0,"rttpg_category":"<a href=\"https:\/\/eks-maintal.de\/cms\/category\/allgemein\/\" rel=\"category tag\">Allgemein<\/a>","rttpg_excerpt":"K\u00e4stnerschule l\u00e4dt Interessierte zum Tag der Offenen T\u00fcr ein Die Erich K\u00e4stner-Schule l\u00e4dt am Samstag, 29. November 2014 zu ihrem traditionellen Tag der Offenen T\u00fcr ein. Interessierte Maintaler B\u00fcrgerinnen und B\u00fcrger k\u00f6nnen sich von 10 Uhr bis 13 Uhr ausf\u00fchrlich \u00fcber das p\u00e4dagogische Konzept der Integrierten Gesamtschule in Maintal informieren, das Sch\u00fclerinnen und Sch\u00fcler auf&hellip;","_links":{"self":[{"href":"https:\/\/eks-maintal.de\/cms\/wp-json\/wp\/v2\/posts\/1416","targetHints":{"allow":["GET"]}}],"collection":[{"href":"https:\/\/eks-maintal.de\/cms\/wp-json\/wp\/v2\/posts"}],"about":[{"href":"https:\/\/eks-maintal.de\/cms\/wp-json\/wp\/v2\/types\/post"}],"author":[{"embeddable":true,"href":"https:\/\/eks-maintal.de\/cms\/wp-json\/wp\/v2\/users\/2"}],"replies":[{"embeddable":true,"href":"https:\/\/eks-maintal.de\/cms\/wp-json\/wp\/v2\/comments?post=1416"}],"version-history":[{"count":8,"href":"https:\/\/eks-maintal.de\/cms\/wp-json\/wp\/v2\/posts\/1416\/revisions"}],"predecessor-version":[{"id":1429,"href":"https:\/\/eks-maintal.de\/cms\/wp-json\/wp\/v2\/posts\/1416\/revisions\/1429"}],"wp:attachment":[{"href":"https:\/\/eks-maintal.de\/cms\/wp-json\/wp\/v2\/media?parent=1416"}],"wp:term":[{"taxonomy":"category","embeddable":true,"href":"https:\/\/eks-maintal.de\/cms\/wp-json\/wp\/v2\/categories?post=1416"},{"taxonomy":"post_tag","embeddable":true,"href":"https:\/\/eks-maintal.de\/cms\/wp-json\/wp\/v2\/tags?post=1416"}],"curies":[{"name":"wp","href":"https:\/\/api.w.org\/{rel}","templated":true}]}}