{"id":2473,"date":"2016-09-09T08:56:33","date_gmt":"2016-09-09T06:56:33","guid":{"rendered":"http:\/\/eks-maintal.de\/cms\/?p=2473"},"modified":"2016-09-09T09:20:16","modified_gmt":"2016-09-09T07:20:16","slug":"ganztagsangebot-2016-2017","status":"publish","type":"post","link":"https:\/\/eks-maintal.de\/cms\/ganztagsangebot-2016-2017\/","title":{"rendered":"Ganztagsangebot 2016 2017"},"content":{"rendered":"<p>Liebe Sch\u00fclerinnen und Sch\u00fcler, liebe Eltern,<\/p>\n<p style=\"text-align: justify;\">die Erich K\u00e4stner-Schule bietet im Schuljahr 2016 \/17 allen Sch\u00fclerinnen und Sch\u00fclern im Rahmen des Ganztagsprogramms verschiedene Arbeitsgemeinschaften an. F\u00fcr alle Kurse gilt, dass die Teilnahme nach der erfolgreichen Anmeldung f\u00fcr den Rest des Halbjahres verpflichtend ist.<\/p>\n<p style=\"text-align: justify;\"><span style=\"text-decoration: underline;\"><strong>ANMELDEVERFAHREN F\u00dcR DIE NACHMITTAGSANGEBOTE:<\/strong><\/span> Die gew\u00fcnschte(n) Arbeitsgemeinschaft(en) in dieser \u00dcbersicht deutlich sichtbar ankreuzen. Name und Klasse eintragen, von einem Elternteil unterschreiben lassen und das Formular der Klassenlehrerin\/dem Klassenlehrer bis sp\u00e4testens Mo., 12.09.2016 abgeben. Falls mehrere Arbeitsgemeinschaften ausgew\u00e4hlt wurden, Ihr Kind aber nur an einer davon teilnehmen soll, machen Sie dies bitte auf diesem Formular kenntlich. \u00dcber das Zustandekommen einer Arbeitsgemeinschaft entscheidet die Anzahl der Anmeldungen. \u00dcber die tats\u00e4chlich stattfindenden Kurse wird Ihr Kind \u00fcber Aush\u00e4nge informiert.<\/p>\n<p style=\"text-align: justify;\"><span class=\"frame alignleft\"><a href=\"https:\/\/eks-maintal.de\/cms\/wp-content\/uploads\/2016\/09\/Ganztagsangebot.jpg\" title=\"\"  rel=\"prettyPhoto[rt_theme_thumb]\" class=\"imgeffect plus\"><img decoding=\"async\" src=\"https:\/\/eks-maintal.de\/cms\/wp-content\/uploads\/2016\/09\/Ganztagsangebot-450x250.jpg\" alt=\"\"  class=\"align\" \/><\/a><\/span>\n<p style=\"text-align: justify;\"><a href=\"https:\/\/eks-maintal.de\/cms\/wp-content\/uploads\/2016\/09\/Ganztagsprogramm_16_17_Hj_1.pdf\" class=\"su-button su-button-style-default\" style=\"color:#FFFFFF;background-color:#009bdc;border-color:#007cb0;border-radius:5px\" target=\"_blank\" rel=\"noopener noreferrer\"><span style=\"color:#FFFFFF;padding:0px 16px;font-size:13px;line-height:26px;border-color:#4db9e7;border-radius:5px;text-shadow:3px 3px 7px #000000\"> Ganztagsangebot 2016 2017<small style=\"padding-bottom:6px;color:#FFFFFF\">Zum Download bitte hier klicken<\/small><\/span><\/a>","protected":false},"excerpt":{"rendered":"<p>Liebe Sch\u00fclerinnen und Sch\u00fcler, liebe Eltern, die Erich K\u00e4stner-Schule bietet im Schuljahr 2016 \/17 allen Sch\u00fclerinnen und Sch\u00fclern im Rahmen des Ganztagsprogramms verschiedene Arbeitsgemeinschaften an. F\u00fcr alle Kurse gilt, dass die Teilnahme nach der erfolgreichen Anmeldung f\u00fcr den Rest des Halbjahres verpflichtend ist. ANMELDEVERFAHREN F\u00dcR DIE NACHMITTAGSANGEBOTE: Die gew\u00fcnschte(n) Arbeitsgemeinschaft(en) in dieser \u00dcbersicht deutlich sichtbar [&hellip;]<\/p>\n","protected":false},"author":2,"featured_media":0,"comment_status":"closed","ping_status":"closed","sticky":false,"template":"","format":"standard","meta":{"footnotes":""},"categories":[1],"tags":[],"class_list":["post-2473","post","type-post","status-publish","format-standard","hentry","category-allgemein"],"rttpg_featured_image_url":null,"rttpg_author":{"display_name":"admin","author_link":"https:\/\/eks-maintal.de\/cms\/author\/b-jovanovic\/"},"rttpg_comment":0,"rttpg_category":"<a href=\"https:\/\/eks-maintal.de\/cms\/category\/allgemein\/\" rel=\"category tag\">Allgemein<\/a>","rttpg_excerpt":"Liebe Sch\u00fclerinnen und Sch\u00fcler, liebe Eltern, die Erich K\u00e4stner-Schule bietet im Schuljahr 2016 \/17 allen Sch\u00fclerinnen und Sch\u00fclern im Rahmen des Ganztagsprogramms verschiedene Arbeitsgemeinschaften an. F\u00fcr alle Kurse gilt, dass die Teilnahme nach der erfolgreichen Anmeldung f\u00fcr den Rest des Halbjahres verpflichtend ist. ANMELDEVERFAHREN F\u00dcR DIE NACHMITTAGSANGEBOTE: Die gew\u00fcnschte(n) Arbeitsgemeinschaft(en) in dieser \u00dcbersicht deutlich sichtbar&hellip;","_links":{"self":[{"href":"https:\/\/eks-maintal.de\/cms\/wp-json\/wp\/v2\/posts\/2473","targetHints":{"allow":["GET"]}}],"collection":[{"href":"https:\/\/eks-maintal.de\/cms\/wp-json\/wp\/v2\/posts"}],"about":[{"href":"https:\/\/eks-maintal.de\/cms\/wp-json\/wp\/v2\/types\/post"}],"author":[{"embeddable":true,"href":"https:\/\/eks-maintal.de\/cms\/wp-json\/wp\/v2\/users\/2"}],"replies":[{"embeddable":true,"href":"https:\/\/eks-maintal.de\/cms\/wp-json\/wp\/v2\/comments?post=2473"}],"version-history":[{"count":11,"href":"https:\/\/eks-maintal.de\/cms\/wp-json\/wp\/v2\/posts\/2473\/revisions"}],"predecessor-version":[{"id":2486,"href":"https:\/\/eks-maintal.de\/cms\/wp-json\/wp\/v2\/posts\/2473\/revisions\/2486"}],"wp:attachment":[{"href":"https:\/\/eks-maintal.de\/cms\/wp-json\/wp\/v2\/media?parent=2473"}],"wp:term":[{"taxonomy":"category","embeddable":true,"href":"https:\/\/eks-maintal.de\/cms\/wp-json\/wp\/v2\/categories?post=2473"},{"taxonomy":"post_tag","embeddable":true,"href":"https:\/\/eks-maintal.de\/cms\/wp-json\/wp\/v2\/tags?post=2473"}],"curies":[{"name":"wp","href":"https:\/\/api.w.org\/{rel}","templated":true}]}}