{"id":2489,"date":"2016-09-15T20:36:09","date_gmt":"2016-09-15T18:36:09","guid":{"rendered":"http:\/\/eks-maintal.de\/cms\/?p=2489"},"modified":"2016-09-15T20:36:09","modified_gmt":"2016-09-15T18:36:09","slug":"erich-kaestner-schueler-besuchen-im-rahmen-der-projektwoche-die-maintaler-tafel","status":"publish","type":"post","link":"https:\/\/eks-maintal.de\/cms\/erich-kaestner-schueler-besuchen-im-rahmen-der-projektwoche-die-maintaler-tafel\/","title":{"rendered":"Erich K\u00e4stner-Sch\u00fcler besuchen im Rahmen der Projektwoche die Maintaler Tafel"},"content":{"rendered":"<p style=\"text-align: justify;\">Im Rahmen der diesj\u00e4hrigen Projektwoche an der EKS \u201eErn\u00e4hrung, Fitness und Umwelt- Die EKS \u00fcbernimmt Verantwortung\u201c w\u00e4hlten sich 26 Sch\u00fcler aus den Jahrg\u00e4ngen 5-9 in die Gruppe \u201eZu gut f\u00fcr die Tonne- Umgang mit Lebensmittelresten\u201c ein.<\/p>\n<p style=\"text-align: justify;\">Da in Deutschland jedes 8. Lebensmittel, welches wir einkaufen, in der M\u00fclltonne landet, machten es sich die Sch\u00fcler zum Ziel \u00fcber die Vermeidung dieses M\u00fclls nachzudenken. Denn 82 kg Lebensmittel landen pro Kopf und Jahr in der M\u00fclltonne, wertvolle Ressourcen, wie Wasser und Energie, sowie Geld werden so sinnlos vergeudet.<\/p>\n<p style=\"text-align: justify;\">Die ersten Projekttage gingen die Sch\u00fcler ganz praktisch an Werk: aus \u00c4pfeln mit Macken und Dellen wurden herrliche Apfelr\u00f6schen gebacken, aus altem Brot wurden \u201eArme Ritter\u201c und \u201ePikante Ofenschlupfer\u201c gemacht. Die Lehrerinnen Carmen Burkhardt und Britta Bartkuhn unterst\u00fctzten die Sch\u00fcler dabei tatkr\u00e4ftig im Kinder-und Jugendhaus Gerichte zu kochen und zu backen. Keine Reste wegschmei\u00dfen war hier das oberste Gebot!<\/p>\n<p style=\"text-align: justify;\">Am 3. Tag folgte ein Highlight der Projektwoche, denn die Sch\u00fcler durften die \u201eMaintaler Tafel\u201c in D\u00f6rnigheim besuchen. Herr Kampe und sein Team empfingen die Sch\u00fcler offen und warmherzig. Nach einem kurzweiligen Vortrag \u00fcber den Sinn und Zweck der \u201eMaintaler Tafel\u201c wurde den Sch\u00fclern sehr schnell klar, wie wichtig diese Institution f\u00fcr viele hilfsbed\u00fcrftige Menschen in Maintal ist.<\/p>\n<p style=\"text-align: justify;\">Die Tafelmitarbeiter vermittelten den Sch\u00fclern geschickt und lebensnah, dass es sich bei den Lebensmitteln der \u201eTafel\u201c nicht um M\u00fcll, sondern um wertvolle Lebensmittel handelt, die noch genauso gut schmecken, wie eben gekaufte Ware aus dem Supermarkt. Die Sch\u00fcler durften verschiedene Puddings und Joghurts geschmacklich testen, deren Mindesthaltbarkeitsdaten kurz davor waren abzulaufen. Dadurch lernten sie den eigenen Sinnen, wie Geruchssinn, Geschmackssinn und Sehsinn zu vertrauen. Den Joghurt lieber essen und genie\u00dfen, statt ihn in den M\u00fcll zu werfen.<\/p>\n<p style=\"text-align: justify;\">Dann ging es ans praktische Mithelfen bei der \u201eMaintaler Tafel\u201c. Der Lieferwagen von der Abholtour aus den Superm\u00e4rkten parkte vor der T\u00fcr und alle Sch\u00fcler wollten Ausladen helfen. Hier konnten die EKS-Sch\u00fcler unter Beweis stellen, dass sie gut anpacken und mithelfen k\u00f6nnen. Schnell war die Ware in den unterschiedlichen R\u00e4umen der Maintaler Tafel untergebracht und die Sortierung nach Lebensmittelgruppen konnte beginnen: im Gem\u00fcse- und Obstraum wurde jedes St\u00fcck nach Essbarkeit untersucht und gegebenenfalls aussortiert. Im K\u00fchlraum mussten Eier und Milchprodukte sortiert werden. In allen R\u00e4umlichkeiten wuselten die Sch\u00fcler herum und packten mit an, damit am Mittwochabend die Ausgabe an die Hilfsbed\u00fcrftigen laufen konnte.<\/p>\n<p style=\"text-align: justify;\">Die Mitarbeiter der Tafel staunten nicht schlecht \u00fcber den Elan und die Disziplin der Gruppe, die den Anweisungen der Tafelmitarbeiterinnen gerne folgten. Am Ende bedankten sich die Sch\u00fcler bei Herrn Kampe und seinem Team f\u00fcr den offenen Empfang. Insgesamt war dieser Ausflug ins echte Leben ein voller Erfolg f\u00fcr alle Beteiligten und hat die Projektwoche der EKS sehr bereichert.<\/p>","protected":false},"excerpt":{"rendered":"<p>Im Rahmen der diesj\u00e4hrigen Projektwoche an der EKS \u201eErn\u00e4hrung, Fitness und Umwelt- Die EKS \u00fcbernimmt Verantwortung\u201c w\u00e4hlten sich 26 Sch\u00fcler aus den Jahrg\u00e4ngen 5-9 in die Gruppe \u201eZu gut f\u00fcr die Tonne- Umgang mit Lebensmittelresten\u201c ein. Da in Deutschland jedes 8. Lebensmittel, welches wir einkaufen, in der M\u00fclltonne landet, machten es sich die Sch\u00fcler zum [&hellip;]<\/p>\n","protected":false},"author":2,"featured_media":2488,"comment_status":"closed","ping_status":"closed","sticky":false,"template":"","format":"standard","meta":{"footnotes":""},"categories":[1],"tags":[],"class_list":["post-2489","post","type-post","status-publish","format-standard","has-post-thumbnail","hentry","category-allgemein"],"rttpg_featured_image_url":{"full":["https:\/\/eks-maintal.de\/cms\/wp-content\/uploads\/2016\/09\/MaintalerTafel.jpg",959,432,false],"landscape":["https:\/\/eks-maintal.de\/cms\/wp-content\/uploads\/2016\/09\/MaintalerTafel.jpg",959,432,false],"portraits":["https:\/\/eks-maintal.de\/cms\/wp-content\/uploads\/2016\/09\/MaintalerTafel.jpg",959,432,false],"thumbnail":["https:\/\/eks-maintal.de\/cms\/wp-content\/uploads\/2016\/09\/MaintalerTafel-150x68.jpg",150,68,true],"medium":["https:\/\/eks-maintal.de\/cms\/wp-content\/uploads\/2016\/09\/MaintalerTafel-300x135.jpg",300,135,true],"large":["https:\/\/eks-maintal.de\/cms\/wp-content\/uploads\/2016\/09\/MaintalerTafel.jpg",620,279,false],"1536x1536":["https:\/\/eks-maintal.de\/cms\/wp-content\/uploads\/2016\/09\/MaintalerTafel.jpg",959,432,false],"2048x2048":["https:\/\/eks-maintal.de\/cms\/wp-content\/uploads\/2016\/09\/MaintalerTafel.jpg",959,432,false]},"rttpg_author":{"display_name":"admin","author_link":"https:\/\/eks-maintal.de\/cms\/author\/b-jovanovic\/"},"rttpg_comment":0,"rttpg_category":"<a href=\"https:\/\/eks-maintal.de\/cms\/category\/allgemein\/\" rel=\"category tag\">Allgemein<\/a>","rttpg_excerpt":"Im Rahmen der diesj\u00e4hrigen Projektwoche an der EKS \u201eErn\u00e4hrung, Fitness und Umwelt- Die EKS \u00fcbernimmt Verantwortung\u201c w\u00e4hlten sich 26 Sch\u00fcler aus den Jahrg\u00e4ngen 5-9 in die Gruppe \u201eZu gut f\u00fcr die Tonne- Umgang mit Lebensmittelresten\u201c ein. Da in Deutschland jedes 8. Lebensmittel, welches wir einkaufen, in der M\u00fclltonne landet, machten es sich die Sch\u00fcler zum&hellip;","_links":{"self":[{"href":"https:\/\/eks-maintal.de\/cms\/wp-json\/wp\/v2\/posts\/2489","targetHints":{"allow":["GET"]}}],"collection":[{"href":"https:\/\/eks-maintal.de\/cms\/wp-json\/wp\/v2\/posts"}],"about":[{"href":"https:\/\/eks-maintal.de\/cms\/wp-json\/wp\/v2\/types\/post"}],"author":[{"embeddable":true,"href":"https:\/\/eks-maintal.de\/cms\/wp-json\/wp\/v2\/users\/2"}],"replies":[{"embeddable":true,"href":"https:\/\/eks-maintal.de\/cms\/wp-json\/wp\/v2\/comments?post=2489"}],"version-history":[{"count":1,"href":"https:\/\/eks-maintal.de\/cms\/wp-json\/wp\/v2\/posts\/2489\/revisions"}],"predecessor-version":[{"id":2490,"href":"https:\/\/eks-maintal.de\/cms\/wp-json\/wp\/v2\/posts\/2489\/revisions\/2490"}],"wp:featuredmedia":[{"embeddable":true,"href":"https:\/\/eks-maintal.de\/cms\/wp-json\/wp\/v2\/media\/2488"}],"wp:attachment":[{"href":"https:\/\/eks-maintal.de\/cms\/wp-json\/wp\/v2\/media?parent=2489"}],"wp:term":[{"taxonomy":"category","embeddable":true,"href":"https:\/\/eks-maintal.de\/cms\/wp-json\/wp\/v2\/categories?post=2489"},{"taxonomy":"post_tag","embeddable":true,"href":"https:\/\/eks-maintal.de\/cms\/wp-json\/wp\/v2\/tags?post=2489"}],"curies":[{"name":"wp","href":"https:\/\/api.w.org\/{rel}","templated":true}]}}