{"id":2513,"date":"2016-09-15T23:42:30","date_gmt":"2016-09-15T21:42:30","guid":{"rendered":"http:\/\/eks-maintal.de\/cms\/?p=2513"},"modified":"2016-09-15T23:42:48","modified_gmt":"2016-09-15T21:42:48","slug":"projekt-7-fit-for-fun","status":"publish","type":"post","link":"https:\/\/eks-maintal.de\/cms\/projekt-7-fit-for-fun\/","title":{"rendered":"Projekt 7: Fit for fun"},"content":{"rendered":"<p style=\"text-align: justify;\">Die Projektgruppen Fit for Fun bei Frau Ohl hat die Teilnehmer begeistert. Die meisten \u00dcbungen dienten dazu, die Ausdauer zu verbessern. Die Sch\u00fcler liefen viel und trainierten haupts\u00e4chlich outdoor. Am Mittwoch stand dann ein Besuch im Fitnessstudio an.<\/p>\n<p style=\"text-align: right;\">Celina Engelter, Shawn McIntosh, Immanuel Zeise, alle 9a und Verena G\u00f6tz, 9c<\/p>","protected":false},"excerpt":{"rendered":"<p>Die Projektgruppen Fit for Fun bei Frau Ohl hat die Teilnehmer begeistert. Die meisten \u00dcbungen dienten dazu, die Ausdauer zu verbessern. Die Sch\u00fcler liefen viel und trainierten haupts\u00e4chlich outdoor. Am Mittwoch stand dann ein Besuch im Fitnessstudio an. Celina Engelter, Shawn McIntosh, Immanuel Zeise, alle 9a und Verena G\u00f6tz, 9c<\/p>\n","protected":false},"author":2,"featured_media":2384,"comment_status":"closed","ping_status":"closed","sticky":false,"template":"","format":"standard","meta":{"footnotes":""},"categories":[22],"tags":[17],"class_list":["post-2513","post","type-post","status-publish","format-standard","has-post-thumbnail","hentry","category-pw-bewegung","tag-projektwoche"],"rttpg_featured_image_url":{"full":["https:\/\/eks-maintal.de\/cms\/wp-content\/uploads\/2016\/08\/Projekt_7.jpg",1600,900,false],"landscape":["https:\/\/eks-maintal.de\/cms\/wp-content\/uploads\/2016\/08\/Projekt_7.jpg",1600,900,false],"portraits":["https:\/\/eks-maintal.de\/cms\/wp-content\/uploads\/2016\/08\/Projekt_7.jpg",1600,900,false],"thumbnail":["https:\/\/eks-maintal.de\/cms\/wp-content\/uploads\/2016\/08\/Projekt_7-150x84.jpg",150,84,true],"medium":["https:\/\/eks-maintal.de\/cms\/wp-content\/uploads\/2016\/08\/Projekt_7-300x169.jpg",300,169,true],"large":["https:\/\/eks-maintal.de\/cms\/wp-content\/uploads\/2016\/08\/Projekt_7-1024x576.jpg",620,349,true],"1536x1536":["https:\/\/eks-maintal.de\/cms\/wp-content\/uploads\/2016\/08\/Projekt_7.jpg",1536,864,false],"2048x2048":["https:\/\/eks-maintal.de\/cms\/wp-content\/uploads\/2016\/08\/Projekt_7.jpg",1600,900,false]},"rttpg_author":{"display_name":"admin","author_link":"https:\/\/eks-maintal.de\/cms\/author\/b-jovanovic\/"},"rttpg_comment":0,"rttpg_category":"<a href=\"https:\/\/eks-maintal.de\/cms\/category\/pw-bewegung\/\" rel=\"category tag\">PW - Bewegung<\/a>","rttpg_excerpt":"Die Projektgruppen Fit for Fun bei Frau Ohl hat die Teilnehmer begeistert. Die meisten \u00dcbungen dienten dazu, die Ausdauer zu verbessern. Die Sch\u00fcler liefen viel und trainierten haupts\u00e4chlich outdoor. Am Mittwoch stand dann ein Besuch im Fitnessstudio an. Celina Engelter, Shawn McIntosh, Immanuel Zeise, alle 9a und Verena G\u00f6tz, 9c","_links":{"self":[{"href":"https:\/\/eks-maintal.de\/cms\/wp-json\/wp\/v2\/posts\/2513","targetHints":{"allow":["GET"]}}],"collection":[{"href":"https:\/\/eks-maintal.de\/cms\/wp-json\/wp\/v2\/posts"}],"about":[{"href":"https:\/\/eks-maintal.de\/cms\/wp-json\/wp\/v2\/types\/post"}],"author":[{"embeddable":true,"href":"https:\/\/eks-maintal.de\/cms\/wp-json\/wp\/v2\/users\/2"}],"replies":[{"embeddable":true,"href":"https:\/\/eks-maintal.de\/cms\/wp-json\/wp\/v2\/comments?post=2513"}],"version-history":[{"count":1,"href":"https:\/\/eks-maintal.de\/cms\/wp-json\/wp\/v2\/posts\/2513\/revisions"}],"predecessor-version":[{"id":2514,"href":"https:\/\/eks-maintal.de\/cms\/wp-json\/wp\/v2\/posts\/2513\/revisions\/2514"}],"wp:featuredmedia":[{"embeddable":true,"href":"https:\/\/eks-maintal.de\/cms\/wp-json\/wp\/v2\/media\/2384"}],"wp:attachment":[{"href":"https:\/\/eks-maintal.de\/cms\/wp-json\/wp\/v2\/media?parent=2513"}],"wp:term":[{"taxonomy":"category","embeddable":true,"href":"https:\/\/eks-maintal.de\/cms\/wp-json\/wp\/v2\/categories?post=2513"},{"taxonomy":"post_tag","embeddable":true,"href":"https:\/\/eks-maintal.de\/cms\/wp-json\/wp\/v2\/tags?post=2513"}],"curies":[{"name":"wp","href":"https:\/\/api.w.org\/{rel}","templated":true}]}}