{"id":2519,"date":"2016-09-15T23:48:15","date_gmt":"2016-09-15T21:48:15","guid":{"rendered":"http:\/\/eks-maintal.de\/cms\/?p=2519"},"modified":"2016-09-15T23:48:15","modified_gmt":"2016-09-15T21:48:15","slug":"projekt-10-singen-und-tanzen","status":"publish","type":"post","link":"https:\/\/eks-maintal.de\/cms\/projekt-10-singen-und-tanzen\/","title":{"rendered":"Projekt 10: Singen und Tanzen"},"content":{"rendered":"<p style=\"text-align: justify;\">\u201eSingen und Tanzen, das mag ich!\u201c Dies erz\u00e4hlten die Teilnehmer von Herrn Schmidts Projekt \u201eSingen und Tanzen.\u201c Dort lernten sie mit Begeisterung Grundtanzschritte des \u201eCha Cha Chas\u201c und \u00fcbten eine kleine Vorf\u00fchrung ein.<\/p>\n<p style=\"text-align: right;\">Shawn McIntosh, Immanuel Zeise, Celina Engelter, alle 9a und Verena G\u00f6tz, 9c<\/p>\n<p><strong>\u00a0<\/strong><\/p>","protected":false},"excerpt":{"rendered":"<p>\u201eSingen und Tanzen, das mag ich!\u201c Dies erz\u00e4hlten die Teilnehmer von Herrn Schmidts Projekt \u201eSingen und Tanzen.\u201c Dort lernten sie mit Begeisterung Grundtanzschritte des \u201eCha Cha Chas\u201c und \u00fcbten eine kleine Vorf\u00fchrung ein. Shawn McIntosh, Immanuel Zeise, Celina Engelter, alle 9a und Verena G\u00f6tz, 9c \u00a0<\/p>\n","protected":false},"author":2,"featured_media":2387,"comment_status":"closed","ping_status":"closed","sticky":false,"template":"","format":"standard","meta":{"footnotes":""},"categories":[22],"tags":[],"class_list":["post-2519","post","type-post","status-publish","format-standard","has-post-thumbnail","hentry","category-pw-bewegung"],"rttpg_featured_image_url":{"full":["https:\/\/eks-maintal.de\/cms\/wp-content\/uploads\/2016\/08\/Projekt_10.jpg",960,540,false],"landscape":["https:\/\/eks-maintal.de\/cms\/wp-content\/uploads\/2016\/08\/Projekt_10.jpg",960,540,false],"portraits":["https:\/\/eks-maintal.de\/cms\/wp-content\/uploads\/2016\/08\/Projekt_10.jpg",960,540,false],"thumbnail":["https:\/\/eks-maintal.de\/cms\/wp-content\/uploads\/2016\/08\/Projekt_10-150x84.jpg",150,84,true],"medium":["https:\/\/eks-maintal.de\/cms\/wp-content\/uploads\/2016\/08\/Projekt_10-300x169.jpg",300,169,true],"large":["https:\/\/eks-maintal.de\/cms\/wp-content\/uploads\/2016\/08\/Projekt_10.jpg",620,349,false],"1536x1536":["https:\/\/eks-maintal.de\/cms\/wp-content\/uploads\/2016\/08\/Projekt_10.jpg",960,540,false],"2048x2048":["https:\/\/eks-maintal.de\/cms\/wp-content\/uploads\/2016\/08\/Projekt_10.jpg",960,540,false]},"rttpg_author":{"display_name":"admin","author_link":"https:\/\/eks-maintal.de\/cms\/author\/b-jovanovic\/"},"rttpg_comment":0,"rttpg_category":"<a href=\"https:\/\/eks-maintal.de\/cms\/category\/pw-bewegung\/\" rel=\"category tag\">PW - Bewegung<\/a>","rttpg_excerpt":"\u201eSingen und Tanzen, das mag ich!\u201c Dies erz\u00e4hlten die Teilnehmer von Herrn Schmidts Projekt \u201eSingen und Tanzen.\u201c Dort lernten sie mit Begeisterung Grundtanzschritte des \u201eCha Cha Chas\u201c und \u00fcbten eine kleine Vorf\u00fchrung ein. Shawn McIntosh, Immanuel Zeise, Celina Engelter, alle 9a und Verena G\u00f6tz, 9c \u00a0","_links":{"self":[{"href":"https:\/\/eks-maintal.de\/cms\/wp-json\/wp\/v2\/posts\/2519","targetHints":{"allow":["GET"]}}],"collection":[{"href":"https:\/\/eks-maintal.de\/cms\/wp-json\/wp\/v2\/posts"}],"about":[{"href":"https:\/\/eks-maintal.de\/cms\/wp-json\/wp\/v2\/types\/post"}],"author":[{"embeddable":true,"href":"https:\/\/eks-maintal.de\/cms\/wp-json\/wp\/v2\/users\/2"}],"replies":[{"embeddable":true,"href":"https:\/\/eks-maintal.de\/cms\/wp-json\/wp\/v2\/comments?post=2519"}],"version-history":[{"count":1,"href":"https:\/\/eks-maintal.de\/cms\/wp-json\/wp\/v2\/posts\/2519\/revisions"}],"predecessor-version":[{"id":2520,"href":"https:\/\/eks-maintal.de\/cms\/wp-json\/wp\/v2\/posts\/2519\/revisions\/2520"}],"wp:featuredmedia":[{"embeddable":true,"href":"https:\/\/eks-maintal.de\/cms\/wp-json\/wp\/v2\/media\/2387"}],"wp:attachment":[{"href":"https:\/\/eks-maintal.de\/cms\/wp-json\/wp\/v2\/media?parent=2519"}],"wp:term":[{"taxonomy":"category","embeddable":true,"href":"https:\/\/eks-maintal.de\/cms\/wp-json\/wp\/v2\/categories?post=2519"},{"taxonomy":"post_tag","embeddable":true,"href":"https:\/\/eks-maintal.de\/cms\/wp-json\/wp\/v2\/tags?post=2519"}],"curies":[{"name":"wp","href":"https:\/\/api.w.org\/{rel}","templated":true}]}}