{"id":2542,"date":"2016-09-16T16:09:53","date_gmt":"2016-09-16T14:09:53","guid":{"rendered":"http:\/\/eks-maintal.de\/cms\/?p=2542"},"modified":"2016-09-16T16:09:53","modified_gmt":"2016-09-16T14:09:53","slug":"projekt-13-ernaehrung-und-bewegung","status":"publish","type":"post","link":"https:\/\/eks-maintal.de\/cms\/projekt-13-ernaehrung-und-bewegung\/","title":{"rendered":"Projekt 13: Ern\u00e4hrung und Bewegung"},"content":{"rendered":"<p style=\"text-align: justify;\">In dem Projekt \u201eErn\u00e4hrung und Fitness\u201c von Herrn Busch lernten die Sch\u00fcler, was Lebensmittel mit dem K\u00f6rper machen. Au\u00dferdem lernen sie, warum Bewegung wichtig ist und wie Ern\u00e4hrung und Bewegung zusammen wirken. Die Teilnehmer waren insgesamt von den sportlichen Aktivit\u00e4ten des Kurses begeistert. Ebenso nahmen sie mit Freude am Theoriebaustein \u00fcber die passende Ern\u00e4hrung teil.<\/p>\n<p style=\"text-align: right;\">Celina Engelter, Shawn McIntosh, Immanuel Zeise, alle 9a und Verena G\u00f6tz, 9c<\/p>","protected":false},"excerpt":{"rendered":"<p>In dem Projekt \u201eErn\u00e4hrung und Fitness\u201c von Herrn Busch lernten die Sch\u00fcler, was Lebensmittel mit dem K\u00f6rper machen. Au\u00dferdem lernen sie, warum Bewegung wichtig ist und wie Ern\u00e4hrung und Bewegung zusammen wirken. Die Teilnehmer waren insgesamt von den sportlichen Aktivit\u00e4ten des Kurses begeistert. Ebenso nahmen sie mit Freude am Theoriebaustein \u00fcber die passende Ern\u00e4hrung teil. [&hellip;]<\/p>\n","protected":false},"author":2,"featured_media":2390,"comment_status":"closed","ping_status":"closed","sticky":false,"template":"","format":"standard","meta":{"footnotes":""},"categories":[23],"tags":[],"class_list":["post-2542","post","type-post","status-publish","format-standard","has-post-thumbnail","hentry","category-pw-gesundheit"],"rttpg_featured_image_url":{"full":["https:\/\/eks-maintal.de\/cms\/wp-content\/uploads\/2016\/08\/Projekt_13.jpg",960,540,false],"landscape":["https:\/\/eks-maintal.de\/cms\/wp-content\/uploads\/2016\/08\/Projekt_13.jpg",960,540,false],"portraits":["https:\/\/eks-maintal.de\/cms\/wp-content\/uploads\/2016\/08\/Projekt_13.jpg",960,540,false],"thumbnail":["https:\/\/eks-maintal.de\/cms\/wp-content\/uploads\/2016\/08\/Projekt_13-150x84.jpg",150,84,true],"medium":["https:\/\/eks-maintal.de\/cms\/wp-content\/uploads\/2016\/08\/Projekt_13-300x169.jpg",300,169,true],"large":["https:\/\/eks-maintal.de\/cms\/wp-content\/uploads\/2016\/08\/Projekt_13.jpg",620,349,false],"1536x1536":["https:\/\/eks-maintal.de\/cms\/wp-content\/uploads\/2016\/08\/Projekt_13.jpg",960,540,false],"2048x2048":["https:\/\/eks-maintal.de\/cms\/wp-content\/uploads\/2016\/08\/Projekt_13.jpg",960,540,false]},"rttpg_author":{"display_name":"admin","author_link":"https:\/\/eks-maintal.de\/cms\/author\/b-jovanovic\/"},"rttpg_comment":0,"rttpg_category":"<a href=\"https:\/\/eks-maintal.de\/cms\/category\/pw-gesundheit\/\" rel=\"category tag\">PW - Gesundheit<\/a>","rttpg_excerpt":"In dem Projekt \u201eErn\u00e4hrung und Fitness\u201c von Herrn Busch lernten die Sch\u00fcler, was Lebensmittel mit dem K\u00f6rper machen. Au\u00dferdem lernen sie, warum Bewegung wichtig ist und wie Ern\u00e4hrung und Bewegung zusammen wirken. Die Teilnehmer waren insgesamt von den sportlichen Aktivit\u00e4ten des Kurses begeistert. Ebenso nahmen sie mit Freude am Theoriebaustein \u00fcber die passende Ern\u00e4hrung teil.&hellip;","_links":{"self":[{"href":"https:\/\/eks-maintal.de\/cms\/wp-json\/wp\/v2\/posts\/2542","targetHints":{"allow":["GET"]}}],"collection":[{"href":"https:\/\/eks-maintal.de\/cms\/wp-json\/wp\/v2\/posts"}],"about":[{"href":"https:\/\/eks-maintal.de\/cms\/wp-json\/wp\/v2\/types\/post"}],"author":[{"embeddable":true,"href":"https:\/\/eks-maintal.de\/cms\/wp-json\/wp\/v2\/users\/2"}],"replies":[{"embeddable":true,"href":"https:\/\/eks-maintal.de\/cms\/wp-json\/wp\/v2\/comments?post=2542"}],"version-history":[{"count":1,"href":"https:\/\/eks-maintal.de\/cms\/wp-json\/wp\/v2\/posts\/2542\/revisions"}],"predecessor-version":[{"id":2543,"href":"https:\/\/eks-maintal.de\/cms\/wp-json\/wp\/v2\/posts\/2542\/revisions\/2543"}],"wp:featuredmedia":[{"embeddable":true,"href":"https:\/\/eks-maintal.de\/cms\/wp-json\/wp\/v2\/media\/2390"}],"wp:attachment":[{"href":"https:\/\/eks-maintal.de\/cms\/wp-json\/wp\/v2\/media?parent=2542"}],"wp:term":[{"taxonomy":"category","embeddable":true,"href":"https:\/\/eks-maintal.de\/cms\/wp-json\/wp\/v2\/categories?post=2542"},{"taxonomy":"post_tag","embeddable":true,"href":"https:\/\/eks-maintal.de\/cms\/wp-json\/wp\/v2\/tags?post=2542"}],"curies":[{"name":"wp","href":"https:\/\/api.w.org\/{rel}","templated":true}]}}