{"id":2563,"date":"2016-09-16T16:22:00","date_gmt":"2016-09-16T14:22:00","guid":{"rendered":"http:\/\/eks-maintal.de\/cms\/?p=2563"},"modified":"2016-09-16T16:22:00","modified_gmt":"2016-09-16T14:22:00","slug":"projekt-19-we-feed-the-world","status":"publish","type":"post","link":"https:\/\/eks-maintal.de\/cms\/projekt-19-we-feed-the-world\/","title":{"rendered":"Projekt 19: We feed the world"},"content":{"rendered":"<p style=\"text-align: justify;\">Das Projekt ,,We feed the World\u201c wurde von Frau Gr\u00fcnberg geleitet. In diesem Projekt informierten sich die Sch\u00fcler \u00fcber Lebensmittelverschwendung und \u00fcber Umweltprobleme im Allgemeinen. Zudem wurde der Film \u201eWe feed the world\u201c gezeigt, der den Teilnehmern das Thema verdeutlichte. Plakate zu den Inhalten des Films sollen ausgestellt werden.<\/p>\n<p style=\"text-align: right;\">Anastasia Schmidt und Marleen Zimmer, beide 8b<\/p>\n<p><strong>\u00a0<\/strong><\/p>","protected":false},"excerpt":{"rendered":"<p>Das Projekt ,,We feed the World\u201c wurde von Frau Gr\u00fcnberg geleitet. In diesem Projekt informierten sich die Sch\u00fcler \u00fcber Lebensmittelverschwendung und \u00fcber Umweltprobleme im Allgemeinen. Zudem wurde der Film \u201eWe feed the world\u201c gezeigt, der den Teilnehmern das Thema verdeutlichte. Plakate zu den Inhalten des Films sollen ausgestellt werden. Anastasia Schmidt und Marleen Zimmer, beide [&hellip;]<\/p>\n","protected":false},"author":2,"featured_media":2395,"comment_status":"closed","ping_status":"closed","sticky":false,"template":"","format":"standard","meta":{"footnotes":""},"categories":[26],"tags":[],"class_list":["post-2563","post","type-post","status-publish","format-standard","has-post-thumbnail","hentry","category-pw-natur-und-umwelt"],"rttpg_featured_image_url":{"full":["https:\/\/eks-maintal.de\/cms\/wp-content\/uploads\/2016\/08\/Projekt_19-e1472494467997.jpg",576,1024,false],"landscape":["https:\/\/eks-maintal.de\/cms\/wp-content\/uploads\/2016\/08\/Projekt_19-e1472494467997.jpg",576,1024,false],"portraits":["https:\/\/eks-maintal.de\/cms\/wp-content\/uploads\/2016\/08\/Projekt_19-e1472494467997.jpg",576,1024,false],"thumbnail":["https:\/\/eks-maintal.de\/cms\/wp-content\/uploads\/2016\/08\/Projekt_19-e1472494467997-84x150.jpg",84,150,true],"medium":["https:\/\/eks-maintal.de\/cms\/wp-content\/uploads\/2016\/08\/Projekt_19-e1472494467997-169x300.jpg",169,300,true],"large":["https:\/\/eks-maintal.de\/cms\/wp-content\/uploads\/2016\/08\/Projekt_19-e1472494467997-576x1024.jpg",576,1024,true],"1536x1536":["https:\/\/eks-maintal.de\/cms\/wp-content\/uploads\/2016\/08\/Projekt_19-e1472494467997.jpg",576,1024,false],"2048x2048":["https:\/\/eks-maintal.de\/cms\/wp-content\/uploads\/2016\/08\/Projekt_19-e1472494467997.jpg",576,1024,false]},"rttpg_author":{"display_name":"admin","author_link":"https:\/\/eks-maintal.de\/cms\/author\/b-jovanovic\/"},"rttpg_comment":0,"rttpg_category":"<a href=\"https:\/\/eks-maintal.de\/cms\/category\/pw-natur-und-umwelt\/\" rel=\"category tag\">PW - Natur und Umwelt<\/a>","rttpg_excerpt":"Das Projekt ,,We feed the World\u201c wurde von Frau Gr\u00fcnberg geleitet. In diesem Projekt informierten sich die Sch\u00fcler \u00fcber Lebensmittelverschwendung und \u00fcber Umweltprobleme im Allgemeinen. Zudem wurde der Film \u201eWe feed the world\u201c gezeigt, der den Teilnehmern das Thema verdeutlichte. Plakate zu den Inhalten des Films sollen ausgestellt werden. Anastasia Schmidt und Marleen Zimmer, beide&hellip;","_links":{"self":[{"href":"https:\/\/eks-maintal.de\/cms\/wp-json\/wp\/v2\/posts\/2563","targetHints":{"allow":["GET"]}}],"collection":[{"href":"https:\/\/eks-maintal.de\/cms\/wp-json\/wp\/v2\/posts"}],"about":[{"href":"https:\/\/eks-maintal.de\/cms\/wp-json\/wp\/v2\/types\/post"}],"author":[{"embeddable":true,"href":"https:\/\/eks-maintal.de\/cms\/wp-json\/wp\/v2\/users\/2"}],"replies":[{"embeddable":true,"href":"https:\/\/eks-maintal.de\/cms\/wp-json\/wp\/v2\/comments?post=2563"}],"version-history":[{"count":1,"href":"https:\/\/eks-maintal.de\/cms\/wp-json\/wp\/v2\/posts\/2563\/revisions"}],"predecessor-version":[{"id":2564,"href":"https:\/\/eks-maintal.de\/cms\/wp-json\/wp\/v2\/posts\/2563\/revisions\/2564"}],"wp:featuredmedia":[{"embeddable":true,"href":"https:\/\/eks-maintal.de\/cms\/wp-json\/wp\/v2\/media\/2395"}],"wp:attachment":[{"href":"https:\/\/eks-maintal.de\/cms\/wp-json\/wp\/v2\/media?parent=2563"}],"wp:term":[{"taxonomy":"category","embeddable":true,"href":"https:\/\/eks-maintal.de\/cms\/wp-json\/wp\/v2\/categories?post=2563"},{"taxonomy":"post_tag","embeddable":true,"href":"https:\/\/eks-maintal.de\/cms\/wp-json\/wp\/v2\/tags?post=2563"}],"curies":[{"name":"wp","href":"https:\/\/api.w.org\/{rel}","templated":true}]}}