{"id":2629,"date":"2016-11-04T09:30:43","date_gmt":"2016-11-04T07:30:43","guid":{"rendered":"http:\/\/eks-maintal.de\/cms\/?p=2629"},"modified":"2016-11-04T09:30:43","modified_gmt":"2016-11-04T07:30:43","slug":"einladung-zum-informationsabend","status":"publish","type":"post","link":"https:\/\/eks-maintal.de\/cms\/einladung-zum-informationsabend\/","title":{"rendered":"Einladung zum Informationsabend"},"content":{"rendered":"<p>f\u00fcr zuk\u00fcnftige K\u00e4stner-Eltern\u00a0und K\u00e4stner-Sch\u00fcler\/innen<\/p>\n<p><strong>Alle Eltern<\/strong> werden an diesem Abend informiert \u00fcber:<\/p>\n<ul>\n<li>unser p\u00e4dagogisches Konzept<\/li>\n<li>unsere Bildungsangebote<\/li>\n<li>unsere Differenzierung in Kursen<\/li>\n<li>unsere Ganztagsangebote<\/li>\n<li>unser Raumkonzept.<\/li>\n<\/ul>\n<p>Nach einem Plenum gibt es Schulf\u00fchrungen.<\/p>\n<p><strong>Alle Sch\u00fcler\/innen<\/strong> k\u00f6nnen unsere Schule kennen lernen durch:<\/p>\n<ul>\n<li>eine Schulf\u00fchrung<\/li>\n<li>eine Fragerunde zur neuen Schule<\/li>\n<li>Angebote zum Bewegen, Erforschen und Kreativ sein.<\/li>\n<\/ul>\n<p>&nbsp;<\/p>\n<p><strong>Das Kollegium und die Schulleitung der Erich K\u00e4stner-Schule\u00a0<\/strong><strong>laden Sie ganz herzlich ein.<\/strong><\/p>\n<p><strong>Mittwoch\u00a0<\/strong><strong>November 2016\u00a0<\/strong><strong>um 18.30 Uhr<\/strong><\/p>\n<p><strong><u>Start f\u00fcr alle:<\/u><\/strong><u><\/u>\u00a0<strong>In unserer\u00a0<\/strong><strong>Mensa<\/strong><\/p>","protected":false},"excerpt":{"rendered":"<p>f\u00fcr zuk\u00fcnftige K\u00e4stner-Eltern\u00a0und K\u00e4stner-Sch\u00fcler\/innen Alle Eltern werden an diesem Abend informiert \u00fcber: unser p\u00e4dagogisches Konzept unsere Bildungsangebote unsere Differenzierung in Kursen unsere Ganztagsangebote unser Raumkonzept. Nach einem Plenum gibt es Schulf\u00fchrungen. Alle Sch\u00fcler\/innen k\u00f6nnen unsere Schule kennen lernen durch: eine Schulf\u00fchrung eine Fragerunde zur neuen Schule Angebote zum Bewegen, Erforschen und Kreativ sein. &nbsp; Das [&hellip;]<\/p>\n","protected":false},"author":2,"featured_media":0,"comment_status":"closed","ping_status":"closed","sticky":false,"template":"","format":"standard","meta":{"footnotes":""},"categories":[1],"tags":[],"class_list":["post-2629","post","type-post","status-publish","format-standard","hentry","category-allgemein"],"rttpg_featured_image_url":null,"rttpg_author":{"display_name":"admin","author_link":"https:\/\/eks-maintal.de\/cms\/author\/b-jovanovic\/"},"rttpg_comment":0,"rttpg_category":"<a href=\"https:\/\/eks-maintal.de\/cms\/category\/allgemein\/\" rel=\"category tag\">Allgemein<\/a>","rttpg_excerpt":"f\u00fcr zuk\u00fcnftige K\u00e4stner-Eltern\u00a0und K\u00e4stner-Sch\u00fcler\/innen Alle Eltern werden an diesem Abend informiert \u00fcber: unser p\u00e4dagogisches Konzept unsere Bildungsangebote unsere Differenzierung in Kursen unsere Ganztagsangebote unser Raumkonzept. Nach einem Plenum gibt es Schulf\u00fchrungen. Alle Sch\u00fcler\/innen k\u00f6nnen unsere Schule kennen lernen durch: eine Schulf\u00fchrung eine Fragerunde zur neuen Schule Angebote zum Bewegen, Erforschen und Kreativ sein. &nbsp; Das&hellip;","_links":{"self":[{"href":"https:\/\/eks-maintal.de\/cms\/wp-json\/wp\/v2\/posts\/2629","targetHints":{"allow":["GET"]}}],"collection":[{"href":"https:\/\/eks-maintal.de\/cms\/wp-json\/wp\/v2\/posts"}],"about":[{"href":"https:\/\/eks-maintal.de\/cms\/wp-json\/wp\/v2\/types\/post"}],"author":[{"embeddable":true,"href":"https:\/\/eks-maintal.de\/cms\/wp-json\/wp\/v2\/users\/2"}],"replies":[{"embeddable":true,"href":"https:\/\/eks-maintal.de\/cms\/wp-json\/wp\/v2\/comments?post=2629"}],"version-history":[{"count":1,"href":"https:\/\/eks-maintal.de\/cms\/wp-json\/wp\/v2\/posts\/2629\/revisions"}],"predecessor-version":[{"id":2630,"href":"https:\/\/eks-maintal.de\/cms\/wp-json\/wp\/v2\/posts\/2629\/revisions\/2630"}],"wp:attachment":[{"href":"https:\/\/eks-maintal.de\/cms\/wp-json\/wp\/v2\/media?parent=2629"}],"wp:term":[{"taxonomy":"category","embeddable":true,"href":"https:\/\/eks-maintal.de\/cms\/wp-json\/wp\/v2\/categories?post=2629"},{"taxonomy":"post_tag","embeddable":true,"href":"https:\/\/eks-maintal.de\/cms\/wp-json\/wp\/v2\/tags?post=2629"}],"curies":[{"name":"wp","href":"https:\/\/api.w.org\/{rel}","templated":true}]}}