{"id":2725,"date":"2016-11-30T20:44:15","date_gmt":"2016-11-30T18:44:15","guid":{"rendered":"http:\/\/eks-maintal.de\/cms\/?p=2725"},"modified":"2016-11-30T20:44:15","modified_gmt":"2016-11-30T18:44:15","slug":"neues-bewegungsprogramm-an-der-eks","status":"publish","type":"post","link":"https:\/\/eks-maintal.de\/cms\/neues-bewegungsprogramm-an-der-eks\/","title":{"rendered":"Neues Bewegungsprogramm an der EKS"},"content":{"rendered":"<p>Bildung kommt ins Gleichgewicht \u2013 Das neue Bewegungsprogramm der Erich K\u00e4stner Schule<\/p>\n<p style=\"text-align: justify;\">Ab Februar 2017 wird an der\u00a0 Erich K\u00e4stner Schule das von der AOK gef\u00f6rderte Programm \u201eBildung kommt ins Gleichgewicht\u201c \u00a0(von Dorothea Beigel) anlaufen. Dieses Gleichgewichtsprogramm wurde in einer wissenschaftlich begleitete Studie des Projektes \u201eSchnecke \u2013 Bildung braucht Gesundheit\u201c (2007-2012) des Hessischen Kultusministeriums mit 8000 Sch\u00fclern durchgef\u00fchrt\u00a0 und hat gezeigt, dass eine erschreckend hohe Zahl von Sch\u00fclerinnen und Sch\u00fclern bereits im Grundschulalter Schwierigkeiten in der Verarbeitung von Gleichgewichtsreizen zeigen. Bei den \u00a0Sch\u00fclerinnen und Sch\u00fcler, die an dem \u00dcbungsprogramm\u00a0 \u00fcber einen Zeitraum von 18 Monaten teilnahmen, konnte eine deutliche Verbesserung der Lesef\u00e4higkeit, der Rechenleistung und der Rechtschreibung festgestellt werden. \u00a0Bei einem Zeitaufwand von nur einer bis drei Minuten pro Unterrichtsstunde \u00a0tr\u00e4gt das Programm auf einfache und umsetzbare Weise zur Unterst\u00fctzung und Intensivierung des Lernens und der Gesundheit bei. Neben dem schulischen Erfolg steigert das Programm die Lernfreude und verbessert das Klassenklima.<\/p>\n<p style=\"text-align: justify;\">Das f\u00fcr die Durchf\u00fchrung des Bewegungsprogramms notwendige Material, sprich die \u00dcbungsb\u00fccher f\u00fcr alle Klassen und vor allem die erforderlichen Gleichgewichtskissen f\u00fcr die Sch\u00fclerinnen und Sch\u00fcler, werden der Erich K\u00e4stner Schule durch das F\u00f6rderprogramm der AOK Hessen zur Verf\u00fcgung gestellt.<\/p>\n<p style=\"text-align: justify;\">Der F\u00f6rderscheck der AOK \u00a0in H\u00f6he von 11096,00 Euro wurde der Schulleiterin Frau Hurst von Herrn Schmitt, dem Leiter des AOK Beratungscenter Hanau, \u00fcbergeben.<\/p>\n<p style=\"text-align: justify;\">Diese gro\u00dfz\u00fcgige F\u00f6rderung der AOK erm\u00f6glicht es der Erich K\u00e4stner Schule, einen weiteren wichtigen Baustein im Bereich Schule und Gesundheit zu verwirklichen.<\/p>","protected":false},"excerpt":{"rendered":"<p>Bildung kommt ins Gleichgewicht \u2013 Das neue Bewegungsprogramm der Erich K\u00e4stner Schule Ab Februar 2017 wird an der\u00a0 Erich K\u00e4stner Schule das von der AOK gef\u00f6rderte Programm \u201eBildung kommt ins Gleichgewicht\u201c \u00a0(von Dorothea Beigel) anlaufen. Dieses Gleichgewichtsprogramm wurde in einer wissenschaftlich begleitete Studie des Projektes \u201eSchnecke \u2013 Bildung braucht Gesundheit\u201c (2007-2012) des Hessischen Kultusministeriums mit [&hellip;]<\/p>\n","protected":false},"author":2,"featured_media":2726,"comment_status":"closed","ping_status":"closed","sticky":false,"template":"","format":"standard","meta":{"footnotes":""},"categories":[1],"tags":[],"class_list":["post-2725","post","type-post","status-publish","format-standard","has-post-thumbnail","hentry","category-allgemein"],"rttpg_featured_image_url":{"full":["https:\/\/eks-maintal.de\/cms\/wp-content\/uploads\/2016\/11\/Scheck\u00fcbergabe_AOK.jpg",1024,768,false],"landscape":["https:\/\/eks-maintal.de\/cms\/wp-content\/uploads\/2016\/11\/Scheck\u00fcbergabe_AOK.jpg",1024,768,false],"portraits":["https:\/\/eks-maintal.de\/cms\/wp-content\/uploads\/2016\/11\/Scheck\u00fcbergabe_AOK.jpg",1024,768,false],"thumbnail":["https:\/\/eks-maintal.de\/cms\/wp-content\/uploads\/2016\/11\/Scheck\u00fcbergabe_AOK-150x113.jpg",150,113,true],"medium":["https:\/\/eks-maintal.de\/cms\/wp-content\/uploads\/2016\/11\/Scheck\u00fcbergabe_AOK-300x225.jpg",300,225,true],"large":["https:\/\/eks-maintal.de\/cms\/wp-content\/uploads\/2016\/11\/Scheck\u00fcbergabe_AOK-1024x768.jpg",620,465,true],"1536x1536":["https:\/\/eks-maintal.de\/cms\/wp-content\/uploads\/2016\/11\/Scheck\u00fcbergabe_AOK.jpg",1024,768,false],"2048x2048":["https:\/\/eks-maintal.de\/cms\/wp-content\/uploads\/2016\/11\/Scheck\u00fcbergabe_AOK.jpg",1024,768,false]},"rttpg_author":{"display_name":"admin","author_link":"https:\/\/eks-maintal.de\/cms\/author\/b-jovanovic\/"},"rttpg_comment":0,"rttpg_category":"<a href=\"https:\/\/eks-maintal.de\/cms\/category\/allgemein\/\" rel=\"category tag\">Allgemein<\/a>","rttpg_excerpt":"Bildung kommt ins Gleichgewicht \u2013 Das neue Bewegungsprogramm der Erich K\u00e4stner Schule Ab Februar 2017 wird an der\u00a0 Erich K\u00e4stner Schule das von der AOK gef\u00f6rderte Programm \u201eBildung kommt ins Gleichgewicht\u201c \u00a0(von Dorothea Beigel) anlaufen. Dieses Gleichgewichtsprogramm wurde in einer wissenschaftlich begleitete Studie des Projektes \u201eSchnecke \u2013 Bildung braucht Gesundheit\u201c (2007-2012) des Hessischen Kultusministeriums mit&hellip;","_links":{"self":[{"href":"https:\/\/eks-maintal.de\/cms\/wp-json\/wp\/v2\/posts\/2725","targetHints":{"allow":["GET"]}}],"collection":[{"href":"https:\/\/eks-maintal.de\/cms\/wp-json\/wp\/v2\/posts"}],"about":[{"href":"https:\/\/eks-maintal.de\/cms\/wp-json\/wp\/v2\/types\/post"}],"author":[{"embeddable":true,"href":"https:\/\/eks-maintal.de\/cms\/wp-json\/wp\/v2\/users\/2"}],"replies":[{"embeddable":true,"href":"https:\/\/eks-maintal.de\/cms\/wp-json\/wp\/v2\/comments?post=2725"}],"version-history":[{"count":1,"href":"https:\/\/eks-maintal.de\/cms\/wp-json\/wp\/v2\/posts\/2725\/revisions"}],"predecessor-version":[{"id":2727,"href":"https:\/\/eks-maintal.de\/cms\/wp-json\/wp\/v2\/posts\/2725\/revisions\/2727"}],"wp:featuredmedia":[{"embeddable":true,"href":"https:\/\/eks-maintal.de\/cms\/wp-json\/wp\/v2\/media\/2726"}],"wp:attachment":[{"href":"https:\/\/eks-maintal.de\/cms\/wp-json\/wp\/v2\/media?parent=2725"}],"wp:term":[{"taxonomy":"category","embeddable":true,"href":"https:\/\/eks-maintal.de\/cms\/wp-json\/wp\/v2\/categories?post=2725"},{"taxonomy":"post_tag","embeddable":true,"href":"https:\/\/eks-maintal.de\/cms\/wp-json\/wp\/v2\/tags?post=2725"}],"curies":[{"name":"wp","href":"https:\/\/api.w.org\/{rel}","templated":true}]}}