{"id":2761,"date":"2017-02-08T11:17:43","date_gmt":"2017-02-08T09:17:43","guid":{"rendered":"http:\/\/eks-maintal.de\/cms\/?p=2761"},"modified":"2017-02-08T11:23:39","modified_gmt":"2017-02-08T09:23:39","slug":"eks-skilehrer-auf-fortbildung-im-zillertal","status":"publish","type":"post","link":"https:\/\/eks-maintal.de\/cms\/eks-skilehrer-auf-fortbildung-im-zillertal\/","title":{"rendered":"EKS &#8211; Skilehrer\/innen auf Fortbildung im Zillertal"},"content":{"rendered":"<p style=\"text-align: justify;\">Auch dieses Jahr bereiteten sich unsere ausgebildeten Skilehrerinnen und Skilehrer sowie Begleitpersonen auf die im M\u00e4rz stattfindende Wintersportwoche in den Alpen vor. Neben theoretischen Vorbereitungen der Wintersportwoche Ski Alpin tauschten unsere Kolleginnen und Kollegen neueste praktische Lehrmethoden zum Skifahren aus, sodass unsere Sch\u00fclerinnen und Sch\u00fcler bestm\u00f6gliche Voraussetzungen zum Erlernen des Skifahrens erhalten werden.<\/p>\n<p>Wir freuen uns auf euch, eure Skilehrer\/innen!<\/p>\n<p>&nbsp;<\/p>","protected":false},"excerpt":{"rendered":"<p>Auch dieses Jahr bereiteten sich unsere ausgebildeten Skilehrerinnen und Skilehrer sowie Begleitpersonen auf die im M\u00e4rz stattfindende Wintersportwoche in den Alpen vor. Neben theoretischen Vorbereitungen der Wintersportwoche Ski Alpin tauschten unsere Kolleginnen und Kollegen neueste praktische Lehrmethoden zum Skifahren aus, sodass unsere Sch\u00fclerinnen und Sch\u00fcler bestm\u00f6gliche Voraussetzungen zum Erlernen des Skifahrens erhalten werden. Wir freuen [&hellip;]<\/p>\n","protected":false},"author":2,"featured_media":2762,"comment_status":"closed","ping_status":"closed","sticky":false,"template":"","format":"standard","meta":{"footnotes":""},"categories":[1],"tags":[],"class_list":["post-2761","post","type-post","status-publish","format-standard","has-post-thumbnail","hentry","category-allgemein"],"rttpg_featured_image_url":{"full":["https:\/\/eks-maintal.de\/cms\/wp-content\/uploads\/2017\/02\/Skilehrer_2017.jpg",1024,768,false],"landscape":["https:\/\/eks-maintal.de\/cms\/wp-content\/uploads\/2017\/02\/Skilehrer_2017.jpg",1024,768,false],"portraits":["https:\/\/eks-maintal.de\/cms\/wp-content\/uploads\/2017\/02\/Skilehrer_2017.jpg",1024,768,false],"thumbnail":["https:\/\/eks-maintal.de\/cms\/wp-content\/uploads\/2017\/02\/Skilehrer_2017-150x113.jpg",150,113,true],"medium":["https:\/\/eks-maintal.de\/cms\/wp-content\/uploads\/2017\/02\/Skilehrer_2017-300x225.jpg",300,225,true],"large":["https:\/\/eks-maintal.de\/cms\/wp-content\/uploads\/2017\/02\/Skilehrer_2017-1024x768.jpg",620,465,true],"1536x1536":["https:\/\/eks-maintal.de\/cms\/wp-content\/uploads\/2017\/02\/Skilehrer_2017.jpg",1024,768,false],"2048x2048":["https:\/\/eks-maintal.de\/cms\/wp-content\/uploads\/2017\/02\/Skilehrer_2017.jpg",1024,768,false]},"rttpg_author":{"display_name":"admin","author_link":"https:\/\/eks-maintal.de\/cms\/author\/b-jovanovic\/"},"rttpg_comment":0,"rttpg_category":"<a href=\"https:\/\/eks-maintal.de\/cms\/category\/allgemein\/\" rel=\"category tag\">Allgemein<\/a>","rttpg_excerpt":"Auch dieses Jahr bereiteten sich unsere ausgebildeten Skilehrerinnen und Skilehrer sowie Begleitpersonen auf die im M\u00e4rz stattfindende Wintersportwoche in den Alpen vor. Neben theoretischen Vorbereitungen der Wintersportwoche Ski Alpin tauschten unsere Kolleginnen und Kollegen neueste praktische Lehrmethoden zum Skifahren aus, sodass unsere Sch\u00fclerinnen und Sch\u00fcler bestm\u00f6gliche Voraussetzungen zum Erlernen des Skifahrens erhalten werden. Wir freuen&hellip;","_links":{"self":[{"href":"https:\/\/eks-maintal.de\/cms\/wp-json\/wp\/v2\/posts\/2761","targetHints":{"allow":["GET"]}}],"collection":[{"href":"https:\/\/eks-maintal.de\/cms\/wp-json\/wp\/v2\/posts"}],"about":[{"href":"https:\/\/eks-maintal.de\/cms\/wp-json\/wp\/v2\/types\/post"}],"author":[{"embeddable":true,"href":"https:\/\/eks-maintal.de\/cms\/wp-json\/wp\/v2\/users\/2"}],"replies":[{"embeddable":true,"href":"https:\/\/eks-maintal.de\/cms\/wp-json\/wp\/v2\/comments?post=2761"}],"version-history":[{"count":5,"href":"https:\/\/eks-maintal.de\/cms\/wp-json\/wp\/v2\/posts\/2761\/revisions"}],"predecessor-version":[{"id":2767,"href":"https:\/\/eks-maintal.de\/cms\/wp-json\/wp\/v2\/posts\/2761\/revisions\/2767"}],"wp:featuredmedia":[{"embeddable":true,"href":"https:\/\/eks-maintal.de\/cms\/wp-json\/wp\/v2\/media\/2762"}],"wp:attachment":[{"href":"https:\/\/eks-maintal.de\/cms\/wp-json\/wp\/v2\/media?parent=2761"}],"wp:term":[{"taxonomy":"category","embeddable":true,"href":"https:\/\/eks-maintal.de\/cms\/wp-json\/wp\/v2\/categories?post=2761"},{"taxonomy":"post_tag","embeddable":true,"href":"https:\/\/eks-maintal.de\/cms\/wp-json\/wp\/v2\/tags?post=2761"}],"curies":[{"name":"wp","href":"https:\/\/api.w.org\/{rel}","templated":true}]}}