{"id":2775,"date":"2017-03-07T23:41:21","date_gmt":"2017-03-07T21:41:21","guid":{"rendered":"http:\/\/eks-maintal.de\/cms\/?p=2775"},"modified":"2017-03-07T23:41:28","modified_gmt":"2017-03-07T21:41:28","slug":"erich-kaestner-abend-2017","status":"publish","type":"post","link":"https:\/\/eks-maintal.de\/cms\/erich-kaestner-abend-2017\/","title":{"rendered":"Erich K\u00e4stner Abend 2017"},"content":{"rendered":"<p>Einladung zum Erich K\u00e4stner Abend im B\u00fcrgerhaus Bischofsheim mit Auff\u00fchrungen aus allen Jahrgangsstufen. Einlass: 18.30 Uhr Beginn:19.00 Uhr<\/p>\n<p><img loading=\"lazy\" decoding=\"async\" class=\"aligncenter size-medium wp-image-2774\" src=\"https:\/\/eks-maintal.de\/cms\/wp-content\/uploads\/2017\/03\/EKS_Einladung_2017-207x300.jpg\" alt=\"EKS_Einladung_2017\" width=\"207\" height=\"300\" \/><\/p>","protected":false},"excerpt":{"rendered":"<p>Einladung zum Erich K\u00e4stner Abend im B\u00fcrgerhaus Bischofsheim mit Auff\u00fchrungen aus allen Jahrgangsstufen. Einlass: 18.30 Uhr Beginn:19.00 Uhr<\/p>\n","protected":false},"author":2,"featured_media":0,"comment_status":"closed","ping_status":"closed","sticky":false,"template":"","format":"standard","meta":{"footnotes":""},"categories":[1],"tags":[],"class_list":["post-2775","post","type-post","status-publish","format-standard","hentry","category-allgemein"],"rttpg_featured_image_url":null,"rttpg_author":{"display_name":"admin","author_link":"https:\/\/eks-maintal.de\/cms\/author\/b-jovanovic\/"},"rttpg_comment":0,"rttpg_category":"<a href=\"https:\/\/eks-maintal.de\/cms\/category\/allgemein\/\" rel=\"category tag\">Allgemein<\/a>","rttpg_excerpt":"Einladung zum Erich K\u00e4stner Abend im B\u00fcrgerhaus Bischofsheim mit Auff\u00fchrungen aus allen Jahrgangsstufen. Einlass: 18.30 Uhr Beginn:19.00 Uhr","_links":{"self":[{"href":"https:\/\/eks-maintal.de\/cms\/wp-json\/wp\/v2\/posts\/2775","targetHints":{"allow":["GET"]}}],"collection":[{"href":"https:\/\/eks-maintal.de\/cms\/wp-json\/wp\/v2\/posts"}],"about":[{"href":"https:\/\/eks-maintal.de\/cms\/wp-json\/wp\/v2\/types\/post"}],"author":[{"embeddable":true,"href":"https:\/\/eks-maintal.de\/cms\/wp-json\/wp\/v2\/users\/2"}],"replies":[{"embeddable":true,"href":"https:\/\/eks-maintal.de\/cms\/wp-json\/wp\/v2\/comments?post=2775"}],"version-history":[{"count":1,"href":"https:\/\/eks-maintal.de\/cms\/wp-json\/wp\/v2\/posts\/2775\/revisions"}],"predecessor-version":[{"id":2776,"href":"https:\/\/eks-maintal.de\/cms\/wp-json\/wp\/v2\/posts\/2775\/revisions\/2776"}],"wp:attachment":[{"href":"https:\/\/eks-maintal.de\/cms\/wp-json\/wp\/v2\/media?parent=2775"}],"wp:term":[{"taxonomy":"category","embeddable":true,"href":"https:\/\/eks-maintal.de\/cms\/wp-json\/wp\/v2\/categories?post=2775"},{"taxonomy":"post_tag","embeddable":true,"href":"https:\/\/eks-maintal.de\/cms\/wp-json\/wp\/v2\/tags?post=2775"}],"curies":[{"name":"wp","href":"https:\/\/api.w.org\/{rel}","templated":true}]}}