{"id":2822,"date":"2017-05-09T10:42:04","date_gmt":"2017-05-09T08:42:04","guid":{"rendered":"http:\/\/eks-maintal.de\/cms\/?p=2822"},"modified":"2017-05-10T12:43:55","modified_gmt":"2017-05-10T10:43:55","slug":"tag-des-offenen-ateliers","status":"publish","type":"post","link":"https:\/\/eks-maintal.de\/cms\/tag-des-offenen-ateliers\/","title":{"rendered":"Tag des offenen Ateliers"},"content":{"rendered":"<p><strong>Kulturliebhaber aufgepasst &#8211; Die EKS beteiligt sich am Tag des offenen Ateliers in Maintal<\/strong><\/p>\n<p style=\"text-align: justify;\">Am Sonntag, den 21.05.2017 \u00f6ffnen die Werkst\u00e4tten der EKS die T\u00fcren. Alle gro\u00dfen und kleinen Kunstinteressierten sind herzlich eingeladen vorbeizukommen. Wir zeigen von 11-18 Uhr Arbeiten und Arbeitsweisen aus Unterricht und Ganztagsangeboten in unserer Schmuck-, Holz- und Tonwerkstatt. Au\u00dferdem k\u00f6nnen Besucher an diesem Tag an drei verschiedenen Workshops (Unkostenbeitrag pro Workshop 2.-\u20ac) teilnehmen. Kleine Erfrischungen werden auch angeboten.<\/p>\n<p style=\"text-align: justify;\">Die EKS beteiligt sich damit an einem Aktionswochenende der Stadt Maintal. An dem Wochenende haben alle Kulturliebhaber die M\u00f6glichkeit, Kunstschaffenden bei der Arbeit \u00fcber die Schulter zu schauen, ins Gespr\u00e4ch zu kommen oder deren Werke im eigenen Atelier zu bestaunen. Die Ateliers sind im ganzen Stadtgebiet zu finden. Zur Orientierung zeigt ein Flyer im Stadtplanformat wo sich die Ateliers finden und welche K\u00fcnstlerinnen und K\u00fcnstler dort was ausstellen. Der Flyer liegt selbstverst\u00e4ndlich auch w\u00e4hrend der Ausstellung im Rathaus aus.<\/p>\n<p style=\"text-align: justify;\"><strong>Zwischen dem 2. und 31. Mai zeigt das Kulturb\u00fcro der Stadt Maintal au\u00dferdem in einer Ausstellung Kunstwerke zu den bevorstehenden \u201eTage des Offenen Ateliers\u201c, die am 20. und 21. Mai in Szene gehen. Jeweils mit einem Kunstwerk werden alle Teilnehmerinnen und Teilnehmer in den Fluren des Rathauses in der Klosterhofstra\u00dfe in Maintal-Hochstadt vertreten sein. Auch Beitr\u00e4ge von Sch\u00fclern der EKS sind hier zu sehen. Die Werke sind w\u00e4hrend der \u00d6ffnungszeiten des Rathauses zu besichtigen: montags, dienstags und donnerstags von 8 bis 16 Uhr, mittwochs von 8 bis 18 Uhr und freitags von 8 bis 12 Uhr.<\/strong><\/p>\n<p style=\"text-align: justify;\">Alle Informationen zu den \u201eTagen des Offenen Ateliers\u201c, zu teilnehmenden K\u00fcnstlerinnen und K\u00fcnstlern sowie Informationen zur Ausstellung sind zu finden unter <a href=\"http:\/\/www.maintal.de\/\">www.maintal.de<\/a>. Auch der Flyer steht dort digital zur Verf\u00fcgung.<\/p>","protected":false},"excerpt":{"rendered":"<p>Kulturliebhaber aufgepasst &#8211; Die EKS beteiligt sich am Tag des offenen Ateliers in Maintal Am Sonntag, den 21.05.2017 \u00f6ffnen die Werkst\u00e4tten der EKS die T\u00fcren. Alle gro\u00dfen und kleinen Kunstinteressierten sind herzlich eingeladen vorbeizukommen. Wir zeigen von 11-18 Uhr Arbeiten und Arbeitsweisen aus Unterricht und Ganztagsangeboten in unserer Schmuck-, Holz- und Tonwerkstatt. Au\u00dferdem k\u00f6nnen Besucher [&hellip;]<\/p>\n","protected":false},"author":2,"featured_media":0,"comment_status":"closed","ping_status":"closed","sticky":false,"template":"","format":"standard","meta":{"footnotes":""},"categories":[1],"tags":[],"class_list":["post-2822","post","type-post","status-publish","format-standard","hentry","category-allgemein"],"rttpg_featured_image_url":null,"rttpg_author":{"display_name":"admin","author_link":"https:\/\/eks-maintal.de\/cms\/author\/b-jovanovic\/"},"rttpg_comment":0,"rttpg_category":"<a href=\"https:\/\/eks-maintal.de\/cms\/category\/allgemein\/\" rel=\"category tag\">Allgemein<\/a>","rttpg_excerpt":"Kulturliebhaber aufgepasst &#8211; Die EKS beteiligt sich am Tag des offenen Ateliers in Maintal Am Sonntag, den 21.05.2017 \u00f6ffnen die Werkst\u00e4tten der EKS die T\u00fcren. Alle gro\u00dfen und kleinen Kunstinteressierten sind herzlich eingeladen vorbeizukommen. Wir zeigen von 11-18 Uhr Arbeiten und Arbeitsweisen aus Unterricht und Ganztagsangeboten in unserer Schmuck-, Holz- und Tonwerkstatt. Au\u00dferdem k\u00f6nnen Besucher&hellip;","_links":{"self":[{"href":"https:\/\/eks-maintal.de\/cms\/wp-json\/wp\/v2\/posts\/2822","targetHints":{"allow":["GET"]}}],"collection":[{"href":"https:\/\/eks-maintal.de\/cms\/wp-json\/wp\/v2\/posts"}],"about":[{"href":"https:\/\/eks-maintal.de\/cms\/wp-json\/wp\/v2\/types\/post"}],"author":[{"embeddable":true,"href":"https:\/\/eks-maintal.de\/cms\/wp-json\/wp\/v2\/users\/2"}],"replies":[{"embeddable":true,"href":"https:\/\/eks-maintal.de\/cms\/wp-json\/wp\/v2\/comments?post=2822"}],"version-history":[{"count":5,"href":"https:\/\/eks-maintal.de\/cms\/wp-json\/wp\/v2\/posts\/2822\/revisions"}],"predecessor-version":[{"id":2828,"href":"https:\/\/eks-maintal.de\/cms\/wp-json\/wp\/v2\/posts\/2822\/revisions\/2828"}],"wp:attachment":[{"href":"https:\/\/eks-maintal.de\/cms\/wp-json\/wp\/v2\/media?parent=2822"}],"wp:term":[{"taxonomy":"category","embeddable":true,"href":"https:\/\/eks-maintal.de\/cms\/wp-json\/wp\/v2\/categories?post=2822"},{"taxonomy":"post_tag","embeddable":true,"href":"https:\/\/eks-maintal.de\/cms\/wp-json\/wp\/v2\/tags?post=2822"}],"curies":[{"name":"wp","href":"https:\/\/api.w.org\/{rel}","templated":true}]}}