{"id":2969,"date":"2017-06-29T12:24:58","date_gmt":"2017-06-29T10:24:58","guid":{"rendered":"http:\/\/eks-maintal.de\/cms\/?p=2969"},"modified":"2017-06-29T12:24:58","modified_gmt":"2017-06-29T10:24:58","slug":"sauberhafter-schulweg","status":"publish","type":"post","link":"https:\/\/eks-maintal.de\/cms\/sauberhafter-schulweg\/","title":{"rendered":"Sauberhafter Schulweg"},"content":{"rendered":"<p>Auch in diesem Schuljahr nahmen Sch\u00fclerinnen und Sch\u00fcler der Erich K\u00e4stner-Schule an der Aktion \u201eSauberhafter Schulweg \u201c teil und leisteten so einen kleinen Beitrag zum Umweltschutz. Diesmal sammelten die Jahrg\u00e4nge 5 und 7 gemeinsam mit ihren Klassenlehrerinnen und -lehrern rund um das Schulgel\u00e4nde herum Abf\u00e4lle ein.<\/p>\n<p>Wie man auf den Bildern erkennen kann, war die Abfallsammelaktion sehr erfolgreich.<div class='polaroid-gallery galleryid-2969' style='width:510px;'>\n\t\t\t<a href=\"https:\/\/eks-maintal.de\/cms\/wp-content\/uploads\/2017\/06\/IMG_1034-1024x768.jpg\" title=\"IMG_1034\" rel=\"polaroid_1995690186\" class=\"polaroid-gallery-item\"><span class=\"polaroid-gallery-image\" title=\"Sauberhafter Schulweg\" style=\"background-image: url(https:\/\/eks-maintal.de\/cms\/wp-content\/uploads\/2017\/06\/IMG_1034-150x113.jpg); width: 150px; height: 113px;\"><\/span><\/a>\n\t\t\t<a href=\"https:\/\/eks-maintal.de\/cms\/wp-content\/uploads\/2017\/06\/IMG_1036-1024x768.jpg\" title=\"IMG_1036\" rel=\"polaroid_1995690186\" class=\"polaroid-gallery-item\"><span class=\"polaroid-gallery-image\" title=\"Sauberhafter Schulweg\" style=\"background-image: url(https:\/\/eks-maintal.de\/cms\/wp-content\/uploads\/2017\/06\/IMG_1036-150x113.jpg); width: 150px; height: 113px;\"><\/span><\/a>\n\t\t\t<a href=\"https:\/\/eks-maintal.de\/cms\/wp-content\/uploads\/2017\/06\/IMG_1050-1024x768.jpg\" title=\"IMG_1050\" rel=\"polaroid_1995690186\" class=\"polaroid-gallery-item\"><span class=\"polaroid-gallery-image\" title=\"Sauberhafter Schulweg\" style=\"background-image: url(https:\/\/eks-maintal.de\/cms\/wp-content\/uploads\/2017\/06\/IMG_1050-150x113.jpg); width: 150px; height: 113px;\"><\/span><\/a>\n\t\t\t<br style=\"clear: both;\" \/>\n\t\t\t<a href=\"https:\/\/eks-maintal.de\/cms\/wp-content\/uploads\/2017\/06\/IMG_1055-1024x768.jpg\" title=\"IMG_1055\" rel=\"polaroid_1995690186\" class=\"polaroid-gallery-item\"><span class=\"polaroid-gallery-image\" title=\"Sauberhafter Schulweg\" style=\"background-image: url(https:\/\/eks-maintal.de\/cms\/wp-content\/uploads\/2017\/06\/IMG_1055-150x113.jpg); width: 150px; height: 113px;\"><\/span><\/a>\n\t\t\t<a href=\"https:\/\/eks-maintal.de\/cms\/wp-content\/uploads\/2017\/06\/IMG_1061-1024x768.jpg\" title=\"IMG_1061\" rel=\"polaroid_1995690186\" class=\"polaroid-gallery-item\"><span class=\"polaroid-gallery-image\" title=\"Sauberhafter Schulweg\" style=\"background-image: url(https:\/\/eks-maintal.de\/cms\/wp-content\/uploads\/2017\/06\/IMG_1061-150x113.jpg); width: 150px; height: 113px;\"><\/span><\/a>\n\t\t\t<br style=\"clear: both;\" \/><\/div>\n","protected":false},"excerpt":{"rendered":"<p>Auch in diesem Schuljahr nahmen Sch\u00fclerinnen und Sch\u00fcler der Erich K\u00e4stner-Schule an der Aktion \u201eSauberhafter Schulweg \u201c teil und leisteten so einen kleinen Beitrag zum Umweltschutz. Diesmal sammelten die Jahrg\u00e4nge 5 und 7 gemeinsam mit ihren Klassenlehrerinnen und -lehrern rund um das Schulgel\u00e4nde herum Abf\u00e4lle ein. Wie man auf den Bildern erkennen kann, war die [&hellip;]<\/p>\n","protected":false},"author":2,"featured_media":2971,"comment_status":"closed","ping_status":"closed","sticky":false,"template":"","format":"standard","meta":{"footnotes":""},"categories":[1],"tags":[],"class_list":["post-2969","post","type-post","status-publish","format-standard","has-post-thumbnail","hentry","category-allgemein"],"rttpg_featured_image_url":{"full":["https:\/\/eks-maintal.de\/cms\/wp-content\/uploads\/2017\/06\/IMG_1055.jpg",1024,768,false],"landscape":["https:\/\/eks-maintal.de\/cms\/wp-content\/uploads\/2017\/06\/IMG_1055.jpg",1024,768,false],"portraits":["https:\/\/eks-maintal.de\/cms\/wp-content\/uploads\/2017\/06\/IMG_1055.jpg",1024,768,false],"thumbnail":["https:\/\/eks-maintal.de\/cms\/wp-content\/uploads\/2017\/06\/IMG_1055-150x113.jpg",150,113,true],"medium":["https:\/\/eks-maintal.de\/cms\/wp-content\/uploads\/2017\/06\/IMG_1055-300x225.jpg",300,225,true],"large":["https:\/\/eks-maintal.de\/cms\/wp-content\/uploads\/2017\/06\/IMG_1055-1024x768.jpg",620,465,true],"1536x1536":["https:\/\/eks-maintal.de\/cms\/wp-content\/uploads\/2017\/06\/IMG_1055.jpg",1024,768,false],"2048x2048":["https:\/\/eks-maintal.de\/cms\/wp-content\/uploads\/2017\/06\/IMG_1055.jpg",1024,768,false]},"rttpg_author":{"display_name":"admin","author_link":"https:\/\/eks-maintal.de\/cms\/author\/b-jovanovic\/"},"rttpg_comment":0,"rttpg_category":"<a href=\"https:\/\/eks-maintal.de\/cms\/category\/allgemein\/\" rel=\"category tag\">Allgemein<\/a>","rttpg_excerpt":"Auch in diesem Schuljahr nahmen Sch\u00fclerinnen und Sch\u00fcler der Erich K\u00e4stner-Schule an der Aktion \u201eSauberhafter Schulweg \u201c teil und leisteten so einen kleinen Beitrag zum Umweltschutz. Diesmal sammelten die Jahrg\u00e4nge 5 und 7 gemeinsam mit ihren Klassenlehrerinnen und -lehrern rund um das Schulgel\u00e4nde herum Abf\u00e4lle ein. Wie man auf den Bildern erkennen kann, war die&hellip;","_links":{"self":[{"href":"https:\/\/eks-maintal.de\/cms\/wp-json\/wp\/v2\/posts\/2969","targetHints":{"allow":["GET"]}}],"collection":[{"href":"https:\/\/eks-maintal.de\/cms\/wp-json\/wp\/v2\/posts"}],"about":[{"href":"https:\/\/eks-maintal.de\/cms\/wp-json\/wp\/v2\/types\/post"}],"author":[{"embeddable":true,"href":"https:\/\/eks-maintal.de\/cms\/wp-json\/wp\/v2\/users\/2"}],"replies":[{"embeddable":true,"href":"https:\/\/eks-maintal.de\/cms\/wp-json\/wp\/v2\/comments?post=2969"}],"version-history":[{"count":1,"href":"https:\/\/eks-maintal.de\/cms\/wp-json\/wp\/v2\/posts\/2969\/revisions"}],"predecessor-version":[{"id":2975,"href":"https:\/\/eks-maintal.de\/cms\/wp-json\/wp\/v2\/posts\/2969\/revisions\/2975"}],"wp:featuredmedia":[{"embeddable":true,"href":"https:\/\/eks-maintal.de\/cms\/wp-json\/wp\/v2\/media\/2971"}],"wp:attachment":[{"href":"https:\/\/eks-maintal.de\/cms\/wp-json\/wp\/v2\/media?parent=2969"}],"wp:term":[{"taxonomy":"category","embeddable":true,"href":"https:\/\/eks-maintal.de\/cms\/wp-json\/wp\/v2\/categories?post=2969"},{"taxonomy":"post_tag","embeddable":true,"href":"https:\/\/eks-maintal.de\/cms\/wp-json\/wp\/v2\/tags?post=2969"}],"curies":[{"name":"wp","href":"https:\/\/api.w.org\/{rel}","templated":true}]}}