{"id":3025,"date":"2017-09-14T20:56:15","date_gmt":"2017-09-14T18:56:15","guid":{"rendered":"http:\/\/eks-maintal.de\/cms\/?p=3025"},"modified":"2017-09-14T20:57:14","modified_gmt":"2017-09-14T18:57:14","slug":"kunstworkshop-des-7-jahrgangs","status":"publish","type":"post","link":"https:\/\/eks-maintal.de\/cms\/kunstworkshop-des-7-jahrgangs\/","title":{"rendered":"Kunstworkshop des 7. Jahrgangs"},"content":{"rendered":"<p>Die Klassen des 7. Jahrgang nehmen im Oktober an einem Kunstworkshop des Hanauer K\u00fcnstlerehepaar Emmeli und Thomas teil. Dort werden die Sch\u00fcler Werke aus verschiedenen Materialien kennenlernen und mit dem Paar \u00fcber Techniken ins Gespr\u00e4ch kommen.<\/p>\n<p>Das Thema der Ausstellung lautet &#8222;Alte und neue Geheimnisse&#8220;. Interessenten k\u00f6nnen sie vom 7.10.-29.10.2017 im Historischen Rathaus in Hochstadt besuchen. Wir freuen uns, dass Emmeli und Thomas Ludz unsere Sch\u00fcler zu einem Workshop eingeladen haben und w\u00fcnschen Ihnen f\u00fcr die Ausstellung viel Erfolg.<\/p>\n<p><img loading=\"lazy\" decoding=\"async\" class=\"aligncenter size-medium wp-image-3022\" src=\"https:\/\/eks-maintal.de\/cms\/wp-content\/uploads\/2017\/09\/20170911_083538-e1505415347510-169x300.jpg\" alt=\"\" width=\"169\" height=\"300\" \/><\/p>","protected":false},"excerpt":{"rendered":"<p>Die Klassen des 7. Jahrgang nehmen im Oktober an einem Kunstworkshop des Hanauer K\u00fcnstlerehepaar Emmeli und Thomas teil. Dort werden die Sch\u00fcler Werke aus verschiedenen Materialien kennenlernen und mit dem Paar \u00fcber Techniken ins Gespr\u00e4ch kommen. Das Thema der Ausstellung lautet &#8222;Alte und neue Geheimnisse&#8220;. Interessenten k\u00f6nnen sie vom 7.10.-29.10.2017 im Historischen Rathaus in Hochstadt [&hellip;]<\/p>\n","protected":false},"author":2,"featured_media":0,"comment_status":"closed","ping_status":"closed","sticky":false,"template":"","format":"standard","meta":{"footnotes":""},"categories":[1],"tags":[],"class_list":["post-3025","post","type-post","status-publish","format-standard","hentry","category-allgemein"],"rttpg_featured_image_url":null,"rttpg_author":{"display_name":"admin","author_link":"https:\/\/eks-maintal.de\/cms\/author\/b-jovanovic\/"},"rttpg_comment":0,"rttpg_category":"<a href=\"https:\/\/eks-maintal.de\/cms\/category\/allgemein\/\" rel=\"category tag\">Allgemein<\/a>","rttpg_excerpt":"Die Klassen des 7. Jahrgang nehmen im Oktober an einem Kunstworkshop des Hanauer K\u00fcnstlerehepaar Emmeli und Thomas teil. Dort werden die Sch\u00fcler Werke aus verschiedenen Materialien kennenlernen und mit dem Paar \u00fcber Techniken ins Gespr\u00e4ch kommen. Das Thema der Ausstellung lautet &#8222;Alte und neue Geheimnisse&#8220;. Interessenten k\u00f6nnen sie vom 7.10.-29.10.2017 im Historischen Rathaus in Hochstadt&hellip;","_links":{"self":[{"href":"https:\/\/eks-maintal.de\/cms\/wp-json\/wp\/v2\/posts\/3025","targetHints":{"allow":["GET"]}}],"collection":[{"href":"https:\/\/eks-maintal.de\/cms\/wp-json\/wp\/v2\/posts"}],"about":[{"href":"https:\/\/eks-maintal.de\/cms\/wp-json\/wp\/v2\/types\/post"}],"author":[{"embeddable":true,"href":"https:\/\/eks-maintal.de\/cms\/wp-json\/wp\/v2\/users\/2"}],"replies":[{"embeddable":true,"href":"https:\/\/eks-maintal.de\/cms\/wp-json\/wp\/v2\/comments?post=3025"}],"version-history":[{"count":2,"href":"https:\/\/eks-maintal.de\/cms\/wp-json\/wp\/v2\/posts\/3025\/revisions"}],"predecessor-version":[{"id":3027,"href":"https:\/\/eks-maintal.de\/cms\/wp-json\/wp\/v2\/posts\/3025\/revisions\/3027"}],"wp:attachment":[{"href":"https:\/\/eks-maintal.de\/cms\/wp-json\/wp\/v2\/media?parent=3025"}],"wp:term":[{"taxonomy":"category","embeddable":true,"href":"https:\/\/eks-maintal.de\/cms\/wp-json\/wp\/v2\/categories?post=3025"},{"taxonomy":"post_tag","embeddable":true,"href":"https:\/\/eks-maintal.de\/cms\/wp-json\/wp\/v2\/tags?post=3025"}],"curies":[{"name":"wp","href":"https:\/\/api.w.org\/{rel}","templated":true}]}}