{"id":3073,"date":"2017-11-17T13:16:52","date_gmt":"2017-11-17T11:16:52","guid":{"rendered":"http:\/\/eks-maintal.de\/cms\/?p=3073"},"modified":"2017-11-17T13:19:51","modified_gmt":"2017-11-17T11:19:51","slug":"7b-erhaelt-anerkennung-fuer-teilnahme-am-stadtradeln","status":"publish","type":"post","link":"https:\/\/eks-maintal.de\/cms\/7b-erhaelt-anerkennung-fuer-teilnahme-am-stadtradeln\/","title":{"rendered":"7b erh\u00e4lt Anerkennung f\u00fcr Teilnahme am Stadtradeln"},"content":{"rendered":"<p>Am 27. Oktober trafen sich die erfolgreichen Teams und Radler zur Abschlussveranstaltung des Stadtradelns 2017 im Maintaler Rathaus. Die radelfreudigsten Teams wurden mit Urkunden geehrt. Die 7b der EKS nahm zum wiederholten Mal an dieser Aktion teil und war mit einigen Sch\u00fclervertretern aus der Klasse\u00a0und ihrer Klassenlehrerin Frau Bartkuhn an diesem Abend\u00a0bei der Verleihung anwesend.<\/p>\n<p>Die Sch\u00fcler und Sch\u00fclerinnen \u00a0erhielten als Anerkennung f\u00fcr ihre tolle Leistung jeweils einen Gutschein f\u00fcr die Eisdiele. Beim Stadtradeln 2017 in Maintal wurden von 13 Teams mit insgesamt 256 aktiven Teilnehmern 31.362 km geradelt und damit 4.453 kg CO2 eingespart.<\/p>\n<p>Die Stadtleitbildgruppe &#8222;Maintal aktiv f\u00fcr den Klimaschutz&#8220; dankte allen Teilnehmern f\u00fcr ihr Engagement. Die 7b freute sich sehr \u00fcber die Gutscheine und m\u00f6chte im n\u00e4chsten Jahr wieder an der Aktion teilnehmen.<\/p>\n<div class='polaroid-gallery galleryid-3073' style='width:510px;'>\n\t\t\t<a href=\"https:\/\/eks-maintal.de\/cms\/wp-content\/uploads\/2017\/11\/20171027_184631-1024x576.jpg\" title=\"20171027_184631\" rel=\"polaroid_503752124\" class=\"polaroid-gallery-item\"><span class=\"polaroid-gallery-image\" title=\"Stadtradeln 2017\" style=\"background-image: url(https:\/\/eks-maintal.de\/cms\/wp-content\/uploads\/2017\/11\/20171027_184631-150x84.jpg); width: 150px; height: 84px;\"><\/span><\/a>\n\t\t\t<a href=\"https:\/\/eks-maintal.de\/cms\/wp-content\/uploads\/2017\/11\/20171027_174859-753x1024.jpg\" title=\"20171027_174859\" rel=\"polaroid_503752124\" class=\"polaroid-gallery-item\"><span class=\"polaroid-gallery-image\" title=\"Stadtradeln 2017\" style=\"background-image: url(https:\/\/eks-maintal.de\/cms\/wp-content\/uploads\/2017\/11\/20171027_174859-110x150.jpg); width: 110px; height: 150px;\"><\/span><\/a>\n\t\t\t<br style=\"clear: both;\" \/><\/div>\n","protected":false},"excerpt":{"rendered":"<p>Am 27. Oktober trafen sich die erfolgreichen Teams und Radler zur Abschlussveranstaltung des Stadtradelns 2017 im Maintaler Rathaus. Die radelfreudigsten Teams wurden mit Urkunden geehrt. Die 7b der EKS nahm zum wiederholten Mal an dieser Aktion teil und war mit einigen Sch\u00fclervertretern aus der Klasse\u00a0und ihrer Klassenlehrerin Frau Bartkuhn an diesem Abend\u00a0bei der Verleihung anwesend. [&hellip;]<\/p>\n","protected":false},"author":2,"featured_media":3075,"comment_status":"closed","ping_status":"closed","sticky":false,"template":"","format":"standard","meta":{"footnotes":""},"categories":[1],"tags":[],"class_list":["post-3073","post","type-post","status-publish","format-standard","has-post-thumbnail","hentry","category-allgemein"],"rttpg_featured_image_url":{"full":["https:\/\/eks-maintal.de\/cms\/wp-content\/uploads\/2017\/11\/20171027_184631.jpg",1365,768,false],"landscape":["https:\/\/eks-maintal.de\/cms\/wp-content\/uploads\/2017\/11\/20171027_184631.jpg",1365,768,false],"portraits":["https:\/\/eks-maintal.de\/cms\/wp-content\/uploads\/2017\/11\/20171027_184631.jpg",1365,768,false],"thumbnail":["https:\/\/eks-maintal.de\/cms\/wp-content\/uploads\/2017\/11\/20171027_184631-150x84.jpg",150,84,true],"medium":["https:\/\/eks-maintal.de\/cms\/wp-content\/uploads\/2017\/11\/20171027_184631-300x169.jpg",300,169,true],"large":["https:\/\/eks-maintal.de\/cms\/wp-content\/uploads\/2017\/11\/20171027_184631-1024x576.jpg",620,349,true],"1536x1536":["https:\/\/eks-maintal.de\/cms\/wp-content\/uploads\/2017\/11\/20171027_184631.jpg",1365,768,false],"2048x2048":["https:\/\/eks-maintal.de\/cms\/wp-content\/uploads\/2017\/11\/20171027_184631.jpg",1365,768,false]},"rttpg_author":{"display_name":"admin","author_link":"https:\/\/eks-maintal.de\/cms\/author\/b-jovanovic\/"},"rttpg_comment":0,"rttpg_category":"<a href=\"https:\/\/eks-maintal.de\/cms\/category\/allgemein\/\" rel=\"category tag\">Allgemein<\/a>","rttpg_excerpt":"Am 27. Oktober trafen sich die erfolgreichen Teams und Radler zur Abschlussveranstaltung des Stadtradelns 2017 im Maintaler Rathaus. Die radelfreudigsten Teams wurden mit Urkunden geehrt. Die 7b der EKS nahm zum wiederholten Mal an dieser Aktion teil und war mit einigen Sch\u00fclervertretern aus der Klasse\u00a0und ihrer Klassenlehrerin Frau Bartkuhn an diesem Abend\u00a0bei der Verleihung anwesend.&hellip;","_links":{"self":[{"href":"https:\/\/eks-maintal.de\/cms\/wp-json\/wp\/v2\/posts\/3073","targetHints":{"allow":["GET"]}}],"collection":[{"href":"https:\/\/eks-maintal.de\/cms\/wp-json\/wp\/v2\/posts"}],"about":[{"href":"https:\/\/eks-maintal.de\/cms\/wp-json\/wp\/v2\/types\/post"}],"author":[{"embeddable":true,"href":"https:\/\/eks-maintal.de\/cms\/wp-json\/wp\/v2\/users\/2"}],"replies":[{"embeddable":true,"href":"https:\/\/eks-maintal.de\/cms\/wp-json\/wp\/v2\/comments?post=3073"}],"version-history":[{"count":3,"href":"https:\/\/eks-maintal.de\/cms\/wp-json\/wp\/v2\/posts\/3073\/revisions"}],"predecessor-version":[{"id":3078,"href":"https:\/\/eks-maintal.de\/cms\/wp-json\/wp\/v2\/posts\/3073\/revisions\/3078"}],"wp:featuredmedia":[{"embeddable":true,"href":"https:\/\/eks-maintal.de\/cms\/wp-json\/wp\/v2\/media\/3075"}],"wp:attachment":[{"href":"https:\/\/eks-maintal.de\/cms\/wp-json\/wp\/v2\/media?parent=3073"}],"wp:term":[{"taxonomy":"category","embeddable":true,"href":"https:\/\/eks-maintal.de\/cms\/wp-json\/wp\/v2\/categories?post=3073"},{"taxonomy":"post_tag","embeddable":true,"href":"https:\/\/eks-maintal.de\/cms\/wp-json\/wp\/v2\/tags?post=3073"}],"curies":[{"name":"wp","href":"https:\/\/api.w.org\/{rel}","templated":true}]}}