{"id":3464,"date":"2018-10-26T18:34:55","date_gmt":"2018-10-26T16:34:55","guid":{"rendered":"https:\/\/eks-maintal.de\/cms\/?p=3464"},"modified":"2018-11-28T09:46:14","modified_gmt":"2018-11-28T07:46:14","slug":"natur-pur-die-ausstellung","status":"publish","type":"post","link":"https:\/\/eks-maintal.de\/cms\/natur-pur-die-ausstellung\/","title":{"rendered":"Natur pur &#8211; die Ausstellung"},"content":{"rendered":"<p><strong>Natur Pur- eine lebendige, vielf\u00e4ltige und inspirierende \u00a0Ausstellung der EKS-Sch\u00fclerInnen im Hochst\u00e4dter Rathaus<\/strong><\/p>\n<p>Wie f\u00fchlt es sich an durch einen Wald zu schlendern? Wie baue ich ein Insektenhotel? Wie stelle ich Marmelade aus Fr\u00fcchten aus der Natur her? Was passiert mit mir, wenn ich mich in der Natur bewege? Was sehe, h\u00f6re und sp\u00fcre ich?<\/p>\n<p>Diese Fragen und viele mehr stellten sich die EKS-Sch\u00fclerInnen im Laufe des letzten Schuljahres in verschiedenen F\u00e4chern und einer gemeinsamen Projektwoche zum Thema \u201eNatur\u201c. Da der Umgang mit der Natur in unserer hochdigitalisierten Welt oft untergeht, ist es der Erich K\u00e4stner-Schule wichtig, Natur wieder f\u00fcr Kinder und Jugendliche erfahrbar zu machen, auch an einem Lernort wie Schule.<\/p>\n<p>F\u00fcr die diesj\u00e4hrige Ausstellung im Rathaus wurde gestaltet, gemalt, gezeichnet, gebaut, get\u00f6pfert, gekocht, geklebt und insgesamt interessante Exponate von jungen K\u00fcnstlern zusammengestellt. Zu sehen ist eine Auswahl der sch\u00f6nsten Sch\u00fclerarbeiten eines Schuljahres an der Erich K\u00e4stner-Schule. Alle Jahrg\u00e4nge von 5. bis 10. Klasse sind involviert und zeigen Arbeiten aus dem Kunst-, Arbeitslehre-, GL- und Projektunterricht.<\/p>\n<p>Einiges gibt es zu entdecken: Aus dem Arbeitslehrebereich zeigen Sch\u00fcler Holzarbeiten, Kleiderentw\u00fcrfe, eingekochte Marmelade und Insektenhotels. Der Kunstfachbereich zeigt Zeichnungen, Pr\u00e4gedrucke und Malereien, bestehend aus allen Farben der Natur. Aus der Tonwerkstatt erwarten den Ausstellungsbesucher bunte Tonfiguren mit M\u00e4rchenfiguren und Naturmotiven auf Gebrauchskeramik. Die besonders vielen verschiedenen Herangehensweisen zeigen wie unterschiedlich sich die Sch\u00fcler dem Thema \u201eNatur\u201c ann\u00e4hern und auch wie viele Facetten das Thema \u201eNatur\u201c bietet. \u201eViele Ideen der Sch\u00fclerInnen gibt es zu bestaunen und zu entdecken, am besten Sie kommen einfach vorbei und machen sich selbst einen Eindruck davon.\u201c, l\u00e4dt Schulleiterin Birgit Hurst zur Ausstellung ein.<\/p>\n<p>\u201eZum 5. Mal arbeiten wir nun f\u00fcr ein ganzes Jahr an der Ausstellung im Rathaus in Hochstadt. Und freuen uns jedes Jahr darauf, die vielen sch\u00f6nen Exponate unserer Sch\u00fclerInnen zu pr\u00e4sentieren. Viele Kollegen sind involviert und motiviert, auch \u00fcber die einzelnen F\u00e4cher hinaus, damit diese Ausstellung beeindruckend f\u00fcr interessierte Besucher wird. Die Ausstellung liegt uns ganz besonders am Herzen, da sie zeigt mit wie viel Engagement und Ideenreichtum unsere Sch\u00fclerInnen in ihrer Schule arbeiten. Wir hoffen, dass wir in Zukunft gern gesehene G\u00e4ste im Rathaus bleiben und dass m\u00f6glichst viele schulinterne und schulferne Maintaler die Ausstellung sehen. Es lohnt sich!\u201c, sagt Frau Bartkuhn, die mit einem Team von Sch\u00fclerInnen und Lehrern verantwortlich f\u00fcr die Ausstellung \u201eNatur pur\u201c ist.<\/p>\n<p>Am Er\u00f6ffnungstag sorgt die Schulk\u00fcche unter Leitung von Frau Fink f\u00fcr Getr\u00e4nke und Snacks. Den\u00a0 musikalischen Rahmen gestaltet Musiklehrer Christopher Scheld. Der Aufbau der Ausstellung im Rathaus wird von Sch\u00fclerInnen aus der Klasse 8b organisiert.<\/p>\n<p>Alle interessierten Maintaler B\u00fcrger, Eltern, Sch\u00fcler und Lehrer sind herzlich zu unserer Ausstellungser\u00f6ffnung am Montag, den 5. 11. 2018 um 14.30 Uhr im Hochst\u00e4dter Rathaus, Klosterhofstra\u00dfe 4-6, eingeladen. Die Ausstellung l\u00e4uft bis zum 19. Dezember 2018.<\/p>\n<div class='polaroid-gallery galleryid-3464' style='width:510px;'>\n\t\t\t<a href=\"https:\/\/eks-maintal.de\/cms\/wp-content\/uploads\/2018\/11\/IMG-20181123-WA0003-1024x768.jpg\" title=\"IMG-20181123-WA0003\" rel=\"polaroid_1629739188\" class=\"polaroid-gallery-item\"><span class=\"polaroid-gallery-image\" title=\"Ausstellung 2019\" style=\"background-image: url(https:\/\/eks-maintal.de\/cms\/wp-content\/uploads\/2018\/11\/IMG-20181123-WA0003-150x113.jpg); width: 150px; height: 113px;\"><\/span><\/a>\n\t\t\t<a href=\"https:\/\/eks-maintal.de\/cms\/wp-content\/uploads\/2018\/11\/IMG-20181123-WA0005-1024x768.jpg\" title=\"IMG-20181123-WA0005\" rel=\"polaroid_1629739188\" class=\"polaroid-gallery-item\"><span class=\"polaroid-gallery-image\" title=\"Ausstellung 2019\" style=\"background-image: url(https:\/\/eks-maintal.de\/cms\/wp-content\/uploads\/2018\/11\/IMG-20181123-WA0005-150x113.jpg); width: 150px; height: 113px;\"><\/span><\/a>\n\t\t\t<a href=\"https:\/\/eks-maintal.de\/cms\/wp-content\/uploads\/2018\/11\/IMG-20181123-WA0001-1024x768.jpg\" title=\"IMG-20181123-WA0001\" rel=\"polaroid_1629739188\" class=\"polaroid-gallery-item\"><span class=\"polaroid-gallery-image\" title=\"Ausstellung 2019\" style=\"background-image: url(https:\/\/eks-maintal.de\/cms\/wp-content\/uploads\/2018\/11\/IMG-20181123-WA0001-150x113.jpg); width: 150px; height: 113px;\"><\/span><\/a>\n\t\t\t<br style=\"clear: both;\" \/>\n\t\t\t<a href=\"https:\/\/eks-maintal.de\/cms\/wp-content\/uploads\/2018\/11\/IMG-20181123-WA0004-1024x576.jpg\" title=\"IMG-20181123-WA0004\" rel=\"polaroid_1629739188\" class=\"polaroid-gallery-item\"><span class=\"polaroid-gallery-image\" title=\"Ausstellung 2019\" style=\"background-image: url(https:\/\/eks-maintal.de\/cms\/wp-content\/uploads\/2018\/11\/IMG-20181123-WA0004-150x84.jpg); width: 150px; height: 84px;\"><\/span><\/a>\n\t\t\t<a href=\"https:\/\/eks-maintal.de\/cms\/wp-content\/uploads\/2018\/11\/IMG-20181123-WA0000-1024x576.jpg\" title=\"IMG-20181123-WA0000\" rel=\"polaroid_1629739188\" class=\"polaroid-gallery-item\"><span class=\"polaroid-gallery-image\" title=\"\" style=\"background-image: url(https:\/\/eks-maintal.de\/cms\/wp-content\/uploads\/2018\/11\/IMG-20181123-WA0000-150x84.jpg); width: 150px; height: 84px;\"><\/span><\/a>\n\t\t\t<a href=\"https:\/\/eks-maintal.de\/cms\/wp-content\/uploads\/2018\/11\/IMG-20181123-WA0002-1024x576.jpg\" title=\"IMG-20181123-WA0002\" rel=\"polaroid_1629739188\" class=\"polaroid-gallery-item\"><span class=\"polaroid-gallery-image\" title=\"Ausstellung 2019\" style=\"background-image: url(https:\/\/eks-maintal.de\/cms\/wp-content\/uploads\/2018\/11\/IMG-20181123-WA0002-150x84.jpg); width: 150px; height: 84px;\"><\/span><\/a>\n\t\t\t<br style=\"clear: both;\" \/>\n\t\t\t<a href=\"https:\/\/eks-maintal.de\/cms\/wp-content\/uploads\/2018\/11\/IMG-20181123-WA0010-768x1024.jpg\" title=\"IMG-20181123-WA0010\" rel=\"polaroid_1629739188\" class=\"polaroid-gallery-item\"><span class=\"polaroid-gallery-image\" title=\"Ausstellung 2019\" style=\"background-image: url(https:\/\/eks-maintal.de\/cms\/wp-content\/uploads\/2018\/11\/IMG-20181123-WA0010-113x150.jpg); width: 113px; height: 150px;\"><\/span><\/a>\n\t\t\t<a href=\"https:\/\/eks-maintal.de\/cms\/wp-content\/uploads\/2018\/11\/IMG-20181123-WA0007-576x1024.jpg\" title=\"IMG-20181123-WA0007\" rel=\"polaroid_1629739188\" class=\"polaroid-gallery-item\"><span class=\"polaroid-gallery-image\" title=\"Ausstellung 2019\" style=\"background-image: url(https:\/\/eks-maintal.de\/cms\/wp-content\/uploads\/2018\/11\/IMG-20181123-WA0007-84x150.jpg); width: 84px; height: 150px;\"><\/span><\/a>\n\t\t\t<a href=\"https:\/\/eks-maintal.de\/cms\/wp-content\/uploads\/2018\/11\/IMG-20181123-WA0008-576x1024.jpg\" title=\"IMG-20181123-WA0008\" rel=\"polaroid_1629739188\" class=\"polaroid-gallery-item\"><span class=\"polaroid-gallery-image\" title=\"Ausstellung 2019\" style=\"background-image: url(https:\/\/eks-maintal.de\/cms\/wp-content\/uploads\/2018\/11\/IMG-20181123-WA0008-84x150.jpg); width: 84px; height: 150px;\"><\/span><\/a>\n\t\t\t<br style=\"clear: both;\" \/>\n\t\t\t<a href=\"https:\/\/eks-maintal.de\/cms\/wp-content\/uploads\/2018\/11\/IMG-20181123-WA0009-768x1024.jpg\" title=\"IMG-20181123-WA0009\" rel=\"polaroid_1629739188\" class=\"polaroid-gallery-item\"><span class=\"polaroid-gallery-image\" title=\"Ausstellung 2019\" style=\"background-image: url(https:\/\/eks-maintal.de\/cms\/wp-content\/uploads\/2018\/11\/IMG-20181123-WA0009-113x150.jpg); width: 113px; height: 150px;\"><\/span><\/a>\n\t\t\t<br style=\"clear: both;\" \/><\/div>\n","protected":false},"excerpt":{"rendered":"<p>Natur Pur- eine lebendige, vielf\u00e4ltige und inspirierende \u00a0Ausstellung der EKS-Sch\u00fclerInnen im Hochst\u00e4dter Rathaus Wie f\u00fchlt es sich an durch einen Wald zu schlendern? Wie baue ich ein Insektenhotel? Wie stelle ich Marmelade aus Fr\u00fcchten aus der Natur her? Was passiert mit mir, wenn ich mich in der Natur bewege? Was sehe, h\u00f6re und sp\u00fcre ich? [&hellip;]<\/p>\n","protected":false},"author":2,"featured_media":3467,"comment_status":"closed","ping_status":"closed","sticky":false,"template":"","format":"standard","meta":{"footnotes":""},"categories":[1],"tags":[],"class_list":["post-3464","post","type-post","status-publish","format-standard","has-post-thumbnail","hentry","category-allgemein"],"rttpg_featured_image_url":{"full":["https:\/\/eks-maintal.de\/cms\/wp-content\/uploads\/2018\/10\/Natur-pur-Ausstellungsplakat.jpg",720,960,false],"landscape":["https:\/\/eks-maintal.de\/cms\/wp-content\/uploads\/2018\/10\/Natur-pur-Ausstellungsplakat.jpg",720,960,false],"portraits":["https:\/\/eks-maintal.de\/cms\/wp-content\/uploads\/2018\/10\/Natur-pur-Ausstellungsplakat.jpg",720,960,false],"thumbnail":["https:\/\/eks-maintal.de\/cms\/wp-content\/uploads\/2018\/10\/Natur-pur-Ausstellungsplakat-113x150.jpg",113,150,true],"medium":["https:\/\/eks-maintal.de\/cms\/wp-content\/uploads\/2018\/10\/Natur-pur-Ausstellungsplakat-225x300.jpg",225,300,true],"large":["https:\/\/eks-maintal.de\/cms\/wp-content\/uploads\/2018\/10\/Natur-pur-Ausstellungsplakat.jpg",620,827,false],"1536x1536":["https:\/\/eks-maintal.de\/cms\/wp-content\/uploads\/2018\/10\/Natur-pur-Ausstellungsplakat.jpg",720,960,false],"2048x2048":["https:\/\/eks-maintal.de\/cms\/wp-content\/uploads\/2018\/10\/Natur-pur-Ausstellungsplakat.jpg",720,960,false]},"rttpg_author":{"display_name":"admin","author_link":"https:\/\/eks-maintal.de\/cms\/author\/b-jovanovic\/"},"rttpg_comment":0,"rttpg_category":"<a href=\"https:\/\/eks-maintal.de\/cms\/category\/allgemein\/\" rel=\"category tag\">Allgemein<\/a>","rttpg_excerpt":"Natur Pur- eine lebendige, vielf\u00e4ltige und inspirierende \u00a0Ausstellung der EKS-Sch\u00fclerInnen im Hochst\u00e4dter Rathaus Wie f\u00fchlt es sich an durch einen Wald zu schlendern? Wie baue ich ein Insektenhotel? Wie stelle ich Marmelade aus Fr\u00fcchten aus der Natur her? Was passiert mit mir, wenn ich mich in der Natur bewege? Was sehe, h\u00f6re und sp\u00fcre ich?&hellip;","_links":{"self":[{"href":"https:\/\/eks-maintal.de\/cms\/wp-json\/wp\/v2\/posts\/3464","targetHints":{"allow":["GET"]}}],"collection":[{"href":"https:\/\/eks-maintal.de\/cms\/wp-json\/wp\/v2\/posts"}],"about":[{"href":"https:\/\/eks-maintal.de\/cms\/wp-json\/wp\/v2\/types\/post"}],"author":[{"embeddable":true,"href":"https:\/\/eks-maintal.de\/cms\/wp-json\/wp\/v2\/users\/2"}],"replies":[{"embeddable":true,"href":"https:\/\/eks-maintal.de\/cms\/wp-json\/wp\/v2\/comments?post=3464"}],"version-history":[{"count":4,"href":"https:\/\/eks-maintal.de\/cms\/wp-json\/wp\/v2\/posts\/3464\/revisions"}],"predecessor-version":[{"id":3482,"href":"https:\/\/eks-maintal.de\/cms\/wp-json\/wp\/v2\/posts\/3464\/revisions\/3482"}],"wp:featuredmedia":[{"embeddable":true,"href":"https:\/\/eks-maintal.de\/cms\/wp-json\/wp\/v2\/media\/3467"}],"wp:attachment":[{"href":"https:\/\/eks-maintal.de\/cms\/wp-json\/wp\/v2\/media?parent=3464"}],"wp:term":[{"taxonomy":"category","embeddable":true,"href":"https:\/\/eks-maintal.de\/cms\/wp-json\/wp\/v2\/categories?post=3464"},{"taxonomy":"post_tag","embeddable":true,"href":"https:\/\/eks-maintal.de\/cms\/wp-json\/wp\/v2\/tags?post=3464"}],"curies":[{"name":"wp","href":"https:\/\/api.w.org\/{rel}","templated":true}]}}