{"id":3488,"date":"2018-11-29T21:51:45","date_gmt":"2018-11-29T19:51:45","guid":{"rendered":"https:\/\/eks-maintal.de\/cms\/?p=3488"},"modified":"2018-11-29T21:52:45","modified_gmt":"2018-11-29T19:52:45","slug":"kunstwerke-am-marktplatz","status":"publish","type":"post","link":"https:\/\/eks-maintal.de\/cms\/kunstwerke-am-marktplatz\/","title":{"rendered":"Kunstwerke am Marktplatz"},"content":{"rendered":"<p><strong>Erich K\u00e4stner-Sch\u00fcler f\u00fcllen Vitrinen am neu gestalteten Bischofsheimer Marktplatz mit Kunstwerken<\/strong><\/p>\n<p>Der Wahlpflichtkurs \u201eTonwerkstatt\u201c des Jahrgang 9 der Erich K\u00e4stner-Schule hat diese Woche die neuen Vitrinen am Bischofsheimer Marktplatz geputzt und mit Kunstwerken aus dem Kunst- und Arbeitslehrebereich bef\u00fcllt. Zu sehen sind verschiedene Werkst\u00fccke aus der T\u00f6pferwerkstatt und dem Ganztagsbereich der Schule. Die Ausstellungsst\u00fccke zeigen Gebrauchskeramiken, Figuren aus K\u00e4stnerb\u00fcchern, aber auch Modernes, wie C3PO und R2D2 aus den Star Wars Filmen. Gerade dieser Mix macht deutlich wie vielf\u00e4ltig die Ideen der Sch\u00fcler mit dem Werkstoff Ton sind.<\/p>\n<p>Die Erich K\u00e4stner-Sch\u00fcler waren mit viel Spa\u00df und guter Laune am Werk und freuen sich \u00fcber die M\u00f6glichkeit ihre Kunstwerke \u00fcber die Schule hinaus zu pr\u00e4sentieren.<\/p>\n<p>In Zukunft wird die EKS daf\u00fcr sorgen, dass in regelm\u00e4\u00dfigen Abst\u00e4nden neue Werke in den Vitrinen am Marktplatz zu bewundern sind.<\/p>\n<div class='polaroid-gallery galleryid-3488' style='width:510px;'>\n\t\t\t<a href=\"https:\/\/eks-maintal.de\/cms\/wp-content\/uploads\/2018\/11\/IMG-20181128-WA0018-768x1024.jpg\" title=\"IMG-20181128-WA0018\" rel=\"polaroid_2056998\" class=\"polaroid-gallery-item\"><span class=\"polaroid-gallery-image\" title=\"Kunst am Marktplatz\" style=\"background-image: url(https:\/\/eks-maintal.de\/cms\/wp-content\/uploads\/2018\/11\/IMG-20181128-WA0018-113x150.jpg); width: 113px; height: 150px;\"><\/span><\/a>\n\t\t\t<a href=\"https:\/\/eks-maintal.de\/cms\/wp-content\/uploads\/2018\/11\/IMG-20181128-WA0017-1024x768.jpg\" title=\"IMG-20181128-WA0017\" rel=\"polaroid_2056998\" class=\"polaroid-gallery-item\"><span class=\"polaroid-gallery-image\" title=\"Kunst am Marktplatz\" style=\"background-image: url(https:\/\/eks-maintal.de\/cms\/wp-content\/uploads\/2018\/11\/IMG-20181128-WA0017-150x113.jpg); width: 150px; height: 113px;\"><\/span><\/a>\n\t\t\t<a href=\"https:\/\/eks-maintal.de\/cms\/wp-content\/uploads\/2018\/11\/IMG-20181128-WA0016-768x1024.jpg\" title=\"IMG-20181128-WA0016\" rel=\"polaroid_2056998\" class=\"polaroid-gallery-item\"><span class=\"polaroid-gallery-image\" title=\"Kunst am Marktplatz\" style=\"background-image: url(https:\/\/eks-maintal.de\/cms\/wp-content\/uploads\/2018\/11\/IMG-20181128-WA0016-113x150.jpg); width: 113px; height: 150px;\"><\/span><\/a>\n\t\t\t<br style=\"clear: both;\" \/>\n\t\t\t<a href=\"https:\/\/eks-maintal.de\/cms\/wp-content\/uploads\/2018\/11\/IMG-20181128-WA0015-1024x768.jpg\" title=\"IMG-20181128-WA0015\" rel=\"polaroid_2056998\" class=\"polaroid-gallery-item\"><span class=\"polaroid-gallery-image\" title=\"Kunst am Marktplatz\" style=\"background-image: url(https:\/\/eks-maintal.de\/cms\/wp-content\/uploads\/2018\/11\/IMG-20181128-WA0015-150x113.jpg); width: 150px; height: 113px;\"><\/span><\/a>\n\t\t\t<a href=\"https:\/\/eks-maintal.de\/cms\/wp-content\/uploads\/2018\/11\/IMG-20181128-WA0014-1024x768.jpg\" title=\"IMG-20181128-WA0014\" rel=\"polaroid_2056998\" class=\"polaroid-gallery-item\"><span class=\"polaroid-gallery-image\" title=\"Kunst am Marktplatz\" style=\"background-image: url(https:\/\/eks-maintal.de\/cms\/wp-content\/uploads\/2018\/11\/IMG-20181128-WA0014-150x113.jpg); width: 150px; height: 113px;\"><\/span><\/a>\n\t\t\t<a href=\"https:\/\/eks-maintal.de\/cms\/wp-content\/uploads\/2018\/11\/IMG-20181128-WA0013-1024x768.jpg\" title=\"IMG-20181128-WA0013\" rel=\"polaroid_2056998\" class=\"polaroid-gallery-item\"><span class=\"polaroid-gallery-image\" title=\"Kunst am Marktplatz\" style=\"background-image: url(https:\/\/eks-maintal.de\/cms\/wp-content\/uploads\/2018\/11\/IMG-20181128-WA0013-150x113.jpg); width: 150px; height: 113px;\"><\/span><\/a>\n\t\t\t<br style=\"clear: both;\" \/>\n\t\t\t<a href=\"https:\/\/eks-maintal.de\/cms\/wp-content\/uploads\/2018\/11\/IMG-20181128-WA0012-768x1024.jpg\" title=\"IMG-20181128-WA0012\" rel=\"polaroid_2056998\" class=\"polaroid-gallery-item\"><span class=\"polaroid-gallery-image\" title=\"Kunst am Marktplatz\" style=\"background-image: url(https:\/\/eks-maintal.de\/cms\/wp-content\/uploads\/2018\/11\/IMG-20181128-WA0012-113x150.jpg); width: 113px; height: 150px;\"><\/span><\/a>\n\t\t\t<a href=\"https:\/\/eks-maintal.de\/cms\/wp-content\/uploads\/2018\/11\/IMG-20181128-WA0011-1024x768.jpg\" title=\"IMG-20181128-WA0011\" rel=\"polaroid_2056998\" class=\"polaroid-gallery-item\"><span class=\"polaroid-gallery-image\" title=\"Kunst am Marktplatz\" style=\"background-image: url(https:\/\/eks-maintal.de\/cms\/wp-content\/uploads\/2018\/11\/IMG-20181128-WA0011-150x113.jpg); width: 150px; height: 113px;\"><\/span><\/a>\n\t\t\t<a href=\"https:\/\/eks-maintal.de\/cms\/wp-content\/uploads\/2018\/11\/IMG-20181128-WA0010-1024x768.jpg\" title=\"IMG-20181128-WA0010\" rel=\"polaroid_2056998\" class=\"polaroid-gallery-item\"><span class=\"polaroid-gallery-image\" title=\"Kunst am Marktplatz\" style=\"background-image: url(https:\/\/eks-maintal.de\/cms\/wp-content\/uploads\/2018\/11\/IMG-20181128-WA0010-150x113.jpg); width: 150px; height: 113px;\"><\/span><\/a>\n\t\t\t<br style=\"clear: both;\" \/>\n\t\t\t<a href=\"https:\/\/eks-maintal.de\/cms\/wp-content\/uploads\/2018\/11\/IMG-20181128-WA0009-1024x768.jpg\" title=\"IMG-20181128-WA0009\" rel=\"polaroid_2056998\" class=\"polaroid-gallery-item\"><span class=\"polaroid-gallery-image\" title=\"Kunst am Marktplatz\" style=\"background-image: url(https:\/\/eks-maintal.de\/cms\/wp-content\/uploads\/2018\/11\/IMG-20181128-WA0009-150x113.jpg); width: 150px; height: 113px;\"><\/span><\/a>\n\t\t\t<a href=\"https:\/\/eks-maintal.de\/cms\/wp-content\/uploads\/2018\/11\/IMG-20181128-WA0008-1024x768.jpg\" title=\"IMG-20181128-WA0008\" rel=\"polaroid_2056998\" class=\"polaroid-gallery-item\"><span class=\"polaroid-gallery-image\" title=\"Kunst am Marktplatz\" style=\"background-image: url(https:\/\/eks-maintal.de\/cms\/wp-content\/uploads\/2018\/11\/IMG-20181128-WA0008-150x113.jpg); width: 150px; height: 113px;\"><\/span><\/a>\n\t\t\t<a href=\"https:\/\/eks-maintal.de\/cms\/wp-content\/uploads\/2018\/11\/IMG-20181128-WA0007-768x1024.jpg\" title=\"IMG-20181128-WA0007\" rel=\"polaroid_2056998\" class=\"polaroid-gallery-item\"><span class=\"polaroid-gallery-image\" title=\"Kunst am Marktplatz\" style=\"background-image: url(https:\/\/eks-maintal.de\/cms\/wp-content\/uploads\/2018\/11\/IMG-20181128-WA0007-113x150.jpg); width: 113px; height: 150px;\"><\/span><\/a>\n\t\t\t<br style=\"clear: both;\" \/>\n\t\t\t<a href=\"https:\/\/eks-maintal.de\/cms\/wp-content\/uploads\/2018\/11\/IMG-20181128-WA0006-1024x768.jpg\" title=\"IMG-20181128-WA0006\" rel=\"polaroid_2056998\" class=\"polaroid-gallery-item\"><span class=\"polaroid-gallery-image\" title=\"Kunst am Marktplatz\" style=\"background-image: url(https:\/\/eks-maintal.de\/cms\/wp-content\/uploads\/2018\/11\/IMG-20181128-WA0006-150x113.jpg); width: 150px; height: 113px;\"><\/span><\/a>\n\t\t\t<a href=\"https:\/\/eks-maintal.de\/cms\/wp-content\/uploads\/2018\/11\/IMG-20181128-WA0005-768x1024.jpg\" title=\"IMG-20181128-WA0005\" rel=\"polaroid_2056998\" class=\"polaroid-gallery-item\"><span class=\"polaroid-gallery-image\" title=\"Kunst am Marktplatz\" style=\"background-image: url(https:\/\/eks-maintal.de\/cms\/wp-content\/uploads\/2018\/11\/IMG-20181128-WA0005-113x150.jpg); width: 113px; height: 150px;\"><\/span><\/a>\n\t\t\t<a href=\"https:\/\/eks-maintal.de\/cms\/wp-content\/uploads\/2018\/11\/IMG-20181128-WA0004-768x1024.jpg\" title=\"IMG-20181128-WA0004\" rel=\"polaroid_2056998\" class=\"polaroid-gallery-item\"><span class=\"polaroid-gallery-image\" title=\"Kunst am Marktplatz\" style=\"background-image: url(https:\/\/eks-maintal.de\/cms\/wp-content\/uploads\/2018\/11\/IMG-20181128-WA0004-113x150.jpg); width: 113px; height: 150px;\"><\/span><\/a>\n\t\t\t<br style=\"clear: both;\" \/>\n\t\t\t<a href=\"https:\/\/eks-maintal.de\/cms\/wp-content\/uploads\/2018\/11\/IMG-20181128-WA0019-1024x768.jpg\" title=\"IMG-20181128-WA0019\" rel=\"polaroid_2056998\" class=\"polaroid-gallery-item\"><span class=\"polaroid-gallery-image\" title=\"Kunst am Marktplatz\" style=\"background-image: url(https:\/\/eks-maintal.de\/cms\/wp-content\/uploads\/2018\/11\/IMG-20181128-WA0019-150x113.jpg); width: 150px; height: 113px;\"><\/span><\/a>\n\t\t\t<br style=\"clear: both;\" \/><\/div>\n","protected":false},"excerpt":{"rendered":"<p>Erich K\u00e4stner-Sch\u00fcler f\u00fcllen Vitrinen am neu gestalteten Bischofsheimer Marktplatz mit Kunstwerken Der Wahlpflichtkurs \u201eTonwerkstatt\u201c des Jahrgang 9 der Erich K\u00e4stner-Schule hat diese Woche die neuen Vitrinen am Bischofsheimer Marktplatz geputzt und mit Kunstwerken aus dem Kunst- und Arbeitslehrebereich bef\u00fcllt. Zu sehen sind verschiedene Werkst\u00fccke aus der T\u00f6pferwerkstatt und dem Ganztagsbereich der Schule. Die Ausstellungsst\u00fccke zeigen [&hellip;]<\/p>\n","protected":false},"author":2,"featured_media":0,"comment_status":"closed","ping_status":"closed","sticky":false,"template":"","format":"standard","meta":{"footnotes":""},"categories":[1],"tags":[],"class_list":["post-3488","post","type-post","status-publish","format-standard","hentry","category-allgemein"],"rttpg_featured_image_url":null,"rttpg_author":{"display_name":"admin","author_link":"https:\/\/eks-maintal.de\/cms\/author\/b-jovanovic\/"},"rttpg_comment":0,"rttpg_category":"<a href=\"https:\/\/eks-maintal.de\/cms\/category\/allgemein\/\" rel=\"category tag\">Allgemein<\/a>","rttpg_excerpt":"Erich K\u00e4stner-Sch\u00fcler f\u00fcllen Vitrinen am neu gestalteten Bischofsheimer Marktplatz mit Kunstwerken Der Wahlpflichtkurs \u201eTonwerkstatt\u201c des Jahrgang 9 der Erich K\u00e4stner-Schule hat diese Woche die neuen Vitrinen am Bischofsheimer Marktplatz geputzt und mit Kunstwerken aus dem Kunst- und Arbeitslehrebereich bef\u00fcllt. Zu sehen sind verschiedene Werkst\u00fccke aus der T\u00f6pferwerkstatt und dem Ganztagsbereich der Schule. Die Ausstellungsst\u00fccke zeigen&hellip;","_links":{"self":[{"href":"https:\/\/eks-maintal.de\/cms\/wp-json\/wp\/v2\/posts\/3488","targetHints":{"allow":["GET"]}}],"collection":[{"href":"https:\/\/eks-maintal.de\/cms\/wp-json\/wp\/v2\/posts"}],"about":[{"href":"https:\/\/eks-maintal.de\/cms\/wp-json\/wp\/v2\/types\/post"}],"author":[{"embeddable":true,"href":"https:\/\/eks-maintal.de\/cms\/wp-json\/wp\/v2\/users\/2"}],"replies":[{"embeddable":true,"href":"https:\/\/eks-maintal.de\/cms\/wp-json\/wp\/v2\/comments?post=3488"}],"version-history":[{"count":1,"href":"https:\/\/eks-maintal.de\/cms\/wp-json\/wp\/v2\/posts\/3488\/revisions"}],"predecessor-version":[{"id":3501,"href":"https:\/\/eks-maintal.de\/cms\/wp-json\/wp\/v2\/posts\/3488\/revisions\/3501"}],"wp:attachment":[{"href":"https:\/\/eks-maintal.de\/cms\/wp-json\/wp\/v2\/media?parent=3488"}],"wp:term":[{"taxonomy":"category","embeddable":true,"href":"https:\/\/eks-maintal.de\/cms\/wp-json\/wp\/v2\/categories?post=3488"},{"taxonomy":"post_tag","embeddable":true,"href":"https:\/\/eks-maintal.de\/cms\/wp-json\/wp\/v2\/tags?post=3488"}],"curies":[{"name":"wp","href":"https:\/\/api.w.org\/{rel}","templated":true}]}}