{"id":3572,"date":"2019-01-12T20:28:55","date_gmt":"2019-01-12T18:28:55","guid":{"rendered":"https:\/\/eks-maintal.de\/cms\/?p=3572"},"modified":"2019-04-29T21:07:18","modified_gmt":"2019-04-29T19:07:18","slug":"lebendiger-advent-an-der-erich-kaestner-schule","status":"publish","type":"post","link":"https:\/\/eks-maintal.de\/cms\/lebendiger-advent-an-der-erich-kaestner-schule\/","title":{"rendered":"Lebendiger Advent an der Erich K\u00e4stner-Schule"},"content":{"rendered":"<p>Am 05.12.2018 wurde das \u201ef\u00fcnfte T\u00fcrchen\u201c\ndes Lebendigen Adventskalenders an der Erich K\u00e4stner-Schule ge\u00f6ffnet, der von\nder katholischen und evangelischen Kirche in Maintal &#8211; Bischofsheim initiiert\nwurde. Auch dieses Jahr gestaltete die Erich K\u00e4stner-Schule einen wundersch\u00f6nen\nund besinnlichen Abend zur Einstimmung auf Weihnachten, welcher von dem\nFachbereich Religion organisiert wurde.<\/p>\n\n\n\n<p>Ab 18:00 Uhr wurden Sch\u00fclerinnen und\nSch\u00fcler, Eltern, Lehrerinnen und Lehrer sowie G\u00e4ste aus Maintal Bischofsheim\nherzlich von der Schulleiterin Frau Hurst in der weihnachtlich geschm\u00fcckten\nMensa der Schule begr\u00fc\u00dft. <\/p>\n\n\n\n<p>Eine musikalische Einstimmung gab es\ndurch das Blasorchester der Schule mit dem Lied \u201eJingle Bells\u201c. Im Anschluss\ntrug Frau Fink ein \u201eetwas anderes\u201c Gedicht zu Weihnachten vor, welches den ein\noder anderen zum Schmunzeln brachte. Herr Schmidt lud anschlie\u00dfend zum\ngemeinsamen Singen ein und begleitete dies mit seiner Gitarre.<\/p>\n\n\n\n<p>Die Sch\u00fclerinnen und Sch\u00fcler aus dem\nkatholischen und evangelischen Religionskursen im Jahrgang 5 bereiteten sich\nbereits im Unterricht nicht nur \u00e4u\u00dferlich, sondern auch innerlich auf\nWeihnachten vor. Neben materiellen W\u00fcnschen zu Weihnachten \u00e4u\u00dferten die\nSch\u00fclerinnen und Sch\u00fcler vor allem Herzensw\u00fcnsche f\u00fcr sich, aber auch f\u00fcr ihre\nMitmenschen. Diese verfassten sie als F\u00fcrbitten und trugen sie gemeinsam mit\nihren Religionslehrerinnen Frau Stump und Frau Misic vor.<\/p>\n\n\n\n<p>Zum Ausklang des Abends spielte das Orchester ein weiteres Weihnachtslied und stimmte auf ein gem\u00fctliches Beisammensein ein. Der F\u00f6rderverein und Frau Fink stellten dabei Gl\u00fchwein, Kinderpunsch, Kekse und Kuchen bereit.<\/p>\n\n\n\n<ul class=\"wp-block-gallery columns-2 is-cropped wp-block-gallery-1 is-layout-flex wp-block-gallery-is-layout-flex\"><li class=\"blocks-gallery-item\"><figure><a href=\"https:\/\/eks-maintal.de\/cms\/wp-content\/uploads\/2019\/04\/Lebendiger-Advent-2.jpg\"><img loading=\"lazy\" decoding=\"async\" width=\"640\" height=\"480\" src=\"https:\/\/eks-maintal.de\/cms\/wp-content\/uploads\/2019\/04\/Lebendiger-Advent-2.jpg\" alt=\"\" data-id=\"3573\" data-link=\"https:\/\/eks-maintal.de\/cms\/lebendiger-advent-2\/\" class=\"wp-image-3573\"\/><\/a><figcaption>Lebendiger Advent 2018<\/figcaption><\/figure><\/li><li class=\"blocks-gallery-item\"><figure><a href=\"https:\/\/eks-maintal.de\/cms\/wp-content\/uploads\/2019\/04\/Lebendiger-Advent-3.jpg\"><img loading=\"lazy\" decoding=\"async\" width=\"640\" height=\"480\" src=\"https:\/\/eks-maintal.de\/cms\/wp-content\/uploads\/2019\/04\/Lebendiger-Advent-3.jpg\" alt=\"\" data-id=\"3574\" data-link=\"https:\/\/eks-maintal.de\/cms\/lebendiger-advent-3\/\" class=\"wp-image-3574\"\/><\/a><figcaption>Lebendiger Advent 2018<\/figcaption><\/figure><\/li><li class=\"blocks-gallery-item\"><figure><a href=\"https:\/\/eks-maintal.de\/cms\/wp-content\/uploads\/2019\/04\/Lebendiger-Advent-1024x768.jpg\"><img loading=\"lazy\" decoding=\"async\" width=\"1024\" height=\"768\" src=\"https:\/\/eks-maintal.de\/cms\/wp-content\/uploads\/2019\/04\/Lebendiger-Advent-1024x768.jpg\" alt=\"\" data-id=\"3575\" data-link=\"https:\/\/eks-maintal.de\/cms\/lebendiger-advent\/\" class=\"wp-image-3575\"\/><\/a><figcaption>Lebendiger Advent 2018<\/figcaption><\/figure><\/li><\/ul>","protected":false},"excerpt":{"rendered":"<p>Am 05.12.2018 wurde das \u201ef\u00fcnfte T\u00fcrchen\u201c des Lebendigen Adventskalenders an der Erich K\u00e4stner-Schule ge\u00f6ffnet, der von der katholischen und evangelischen Kirche in Maintal &#8211; Bischofsheim initiiert wurde. Auch dieses Jahr gestaltete die Erich K\u00e4stner-Schule einen wundersch\u00f6nen und besinnlichen Abend zur Einstimmung auf Weihnachten, welcher von dem Fachbereich Religion organisiert wurde. Ab 18:00 Uhr wurden Sch\u00fclerinnen [&hellip;]<\/p>\n","protected":false},"author":2,"featured_media":0,"comment_status":"closed","ping_status":"closed","sticky":false,"template":"","format":"standard","meta":{"footnotes":""},"categories":[1],"tags":[],"class_list":["post-3572","post","type-post","status-publish","format-standard","hentry","category-allgemein"],"rttpg_featured_image_url":null,"rttpg_author":{"display_name":"admin","author_link":"https:\/\/eks-maintal.de\/cms\/author\/b-jovanovic\/"},"rttpg_comment":0,"rttpg_category":"<a href=\"https:\/\/eks-maintal.de\/cms\/category\/allgemein\/\" rel=\"category tag\">Allgemein<\/a>","rttpg_excerpt":"Am 05.12.2018 wurde das \u201ef\u00fcnfte T\u00fcrchen\u201c des Lebendigen Adventskalenders an der Erich K\u00e4stner-Schule ge\u00f6ffnet, der von der katholischen und evangelischen Kirche in Maintal &#8211; Bischofsheim initiiert wurde. Auch dieses Jahr gestaltete die Erich K\u00e4stner-Schule einen wundersch\u00f6nen und besinnlichen Abend zur Einstimmung auf Weihnachten, welcher von dem Fachbereich Religion organisiert wurde. Ab 18:00 Uhr wurden Sch\u00fclerinnen&hellip;","_links":{"self":[{"href":"https:\/\/eks-maintal.de\/cms\/wp-json\/wp\/v2\/posts\/3572","targetHints":{"allow":["GET"]}}],"collection":[{"href":"https:\/\/eks-maintal.de\/cms\/wp-json\/wp\/v2\/posts"}],"about":[{"href":"https:\/\/eks-maintal.de\/cms\/wp-json\/wp\/v2\/types\/post"}],"author":[{"embeddable":true,"href":"https:\/\/eks-maintal.de\/cms\/wp-json\/wp\/v2\/users\/2"}],"replies":[{"embeddable":true,"href":"https:\/\/eks-maintal.de\/cms\/wp-json\/wp\/v2\/comments?post=3572"}],"version-history":[{"count":3,"href":"https:\/\/eks-maintal.de\/cms\/wp-json\/wp\/v2\/posts\/3572\/revisions"}],"predecessor-version":[{"id":3587,"href":"https:\/\/eks-maintal.de\/cms\/wp-json\/wp\/v2\/posts\/3572\/revisions\/3587"}],"wp:attachment":[{"href":"https:\/\/eks-maintal.de\/cms\/wp-json\/wp\/v2\/media?parent=3572"}],"wp:term":[{"taxonomy":"category","embeddable":true,"href":"https:\/\/eks-maintal.de\/cms\/wp-json\/wp\/v2\/categories?post=3572"},{"taxonomy":"post_tag","embeddable":true,"href":"https:\/\/eks-maintal.de\/cms\/wp-json\/wp\/v2\/tags?post=3572"}],"curies":[{"name":"wp","href":"https:\/\/api.w.org\/{rel}","templated":true}]}}