{"id":3696,"date":"2019-10-20T22:26:49","date_gmt":"2019-10-20T20:26:49","guid":{"rendered":"https:\/\/eks-maintal.de\/cms\/?p=3696"},"modified":"2019-10-22T09:03:16","modified_gmt":"2019-10-22T07:03:16","slug":"ausstellung-der-eks-schuelerinnen","status":"publish","type":"post","link":"https:\/\/eks-maintal.de\/cms\/ausstellung-der-eks-schuelerinnen\/","title":{"rendered":"Ausstellung der EKS-Sch\u00fcler*innen"},"content":{"rendered":"<p><strong>50 Jahre EKS &#8211; eine \u201eBest of\u201c- Ausstellung der EKS-Sch\u00fclerInnen im Hochst\u00e4dter Rathaus<\/strong><\/p>\n<p>Die Erich K\u00e4stner-Schule feiert in diesem Jahr ihr 50j\u00e4hriges Bestehen. Im Rahmen dieses Jubil\u00e4umsjahres findet auch in diesem Jahr wieder eine Ausstellung im Maintaler Rathaus in Hochstadt statt. F\u00fcr die diesj\u00e4hrige Ausstellung im Rathaus wurde gestaltet, gemalt, gezeichnet, gebaut, get\u00f6pfert, gekocht, geklebt und insgesamt interessante Exponate von jungen K\u00fcnstlern zusammengestellt.<\/p>\n<p>Zu sehen ist eine Auswahl der sch\u00f6nsten Sch\u00fclerarbeiten der letzten Jahre an der Erich K\u00e4stner-Schule aus den vergangenen Ausstellungen \u201eNibelungen vertont\u201c, \u201eErich K\u00e4stner\u201c, \u201eLicht und Schatten\u201c, \u201eFeuer, Wasser, Luft und Erde=4 Elemente\u201c, \u201eBuntes aus dem K\u00e4stnerhaus\u201c und \u201eNatur pur\u201c wiederfinden. \u00a0Aber auch Neues wurde extra f\u00fcr die Ausstellung \u201e50 Jahre EKS\u201c kreiert. Alle Jahrg\u00e4nge von 5. bis 10. Klasse sind involviert und zeigen Arbeiten aus dem Kunst-, Arbeitslehre-, GL- und Projektunterricht.<\/p>\n<p>Einiges gibt es zu entdecken: Aus dem Arbeitslehrebereich zeigen Sch\u00fcler Holzarbeiten, Kleiderentw\u00fcrfe, Seifen und eingekochte Marmeladen. Der Kunstfachbereich zeigt Zeichnungen, Pr\u00e4gedrucke und Malereien. Aus der Tonwerkstatt erwarten den Ausstellungsbesucher Tonfiguren zum Thema Superhelden und Gebrauchskeramiken. Die besonders vielen verschiedenen Herangehensweisen zeigen wie unterschiedlich und facettenreich die Sch\u00fcler arbeiten. Viele Ideen der Sch\u00fclerInnen gibt es zu bestaunen und zu entdecken, am besten Sie kommen einfach vorbei und machen sich selbst einen Eindruck davon.\u201c, l\u00e4dt Schulleiterin Birgit Hurst zur Ausstellung ein.<\/p>\n<p>\u201eZum 7. Mal arbeiten wir nun f\u00fcr ein ganzes Jahr an der Ausstellung im Rathaus in Hochstadt. Und freuen uns jedes Jahr darauf, die vielen sch\u00f6nen Exponate unserer Sch\u00fclerInnen zu pr\u00e4sentieren. Viele Kollegen sind involviert und motiviert, auch \u00fcber die einzelnen F\u00e4cher hinaus, damit diese Ausstellung beeindruckend f\u00fcr interessierte Besucher wird. Die Ausstellung liegt uns ganz besonders am Herzen, da sie zeigt mit wie viel Engagement und Ideenreichtum unsere Sch\u00fclerInnen in ihrer Schule arbeiten. Wir hoffen, dass wir in Zukunft gern gesehene G\u00e4ste im Rathaus bleiben und dass m\u00f6glichst viele schulinterne und schulferne Maintaler die Ausstellung sehen. Es lohnt sich!\u201c, sagt Frau Bartkuhn, die mit einem Team von Sch\u00fclerInnen und Lehrern verantwortlich f\u00fcr die Ausstellung \u201e50 Jahre EKS\u201c ist.<\/p>\n<p>Am Er\u00f6ffnungstag sorgt die Schulk\u00fcche unter Leitung von Frau Fink f\u00fcr Getr\u00e4nke und Snacks. Den\u00a0 musikalischen Rahmen gestaltet Musiklehrer Christopher Scheld. Der Aufbau der Ausstellung im Rathaus wird von Sch\u00fclerInnen aus der Klasse 9b organisiert.<\/p>\n<p>Alle interessierten Maintaler B\u00fcrger, Eltern, Sch\u00fcler und Lehrer sind herzlich zu unserer Ausstellungser\u00f6ffnung am Montag, den 5. 11. 2019 um 14.30 Uhr im Hochst\u00e4dter Rathaus, Klosterhofstra\u00dfe 4-6, eingeladen. Die Ausstellung l\u00e4uft bis zum 28. November 2019.<\/p>","protected":false},"excerpt":{"rendered":"<p>50 Jahre EKS &#8211; eine \u201eBest of\u201c- Ausstellung der EKS-Sch\u00fclerInnen im Hochst\u00e4dter Rathaus Die Erich K\u00e4stner-Schule feiert in diesem Jahr ihr 50j\u00e4hriges Bestehen. Im Rahmen dieses Jubil\u00e4umsjahres findet auch in diesem Jahr wieder eine Ausstellung im Maintaler Rathaus in Hochstadt statt. F\u00fcr die diesj\u00e4hrige Ausstellung im Rathaus wurde gestaltet, gemalt, gezeichnet, gebaut, get\u00f6pfert, gekocht, geklebt [&hellip;]<\/p>\n","protected":false},"author":2,"featured_media":3695,"comment_status":"closed","ping_status":"closed","sticky":false,"template":"","format":"standard","meta":{"footnotes":""},"categories":[1],"tags":[],"class_list":["post-3696","post","type-post","status-publish","format-standard","has-post-thumbnail","hentry","category-allgemein"],"rttpg_featured_image_url":{"full":["https:\/\/eks-maintal.de\/cms\/wp-content\/uploads\/2019\/10\/Ausstellung-Plakat-50-Jahre-EKS.jpg",960,720,false],"landscape":["https:\/\/eks-maintal.de\/cms\/wp-content\/uploads\/2019\/10\/Ausstellung-Plakat-50-Jahre-EKS.jpg",960,720,false],"portraits":["https:\/\/eks-maintal.de\/cms\/wp-content\/uploads\/2019\/10\/Ausstellung-Plakat-50-Jahre-EKS.jpg",960,720,false],"thumbnail":["https:\/\/eks-maintal.de\/cms\/wp-content\/uploads\/2019\/10\/Ausstellung-Plakat-50-Jahre-EKS-150x113.jpg",150,113,true],"medium":["https:\/\/eks-maintal.de\/cms\/wp-content\/uploads\/2019\/10\/Ausstellung-Plakat-50-Jahre-EKS-300x225.jpg",300,225,true],"large":["https:\/\/eks-maintal.de\/cms\/wp-content\/uploads\/2019\/10\/Ausstellung-Plakat-50-Jahre-EKS.jpg",620,465,false],"1536x1536":["https:\/\/eks-maintal.de\/cms\/wp-content\/uploads\/2019\/10\/Ausstellung-Plakat-50-Jahre-EKS.jpg",960,720,false],"2048x2048":["https:\/\/eks-maintal.de\/cms\/wp-content\/uploads\/2019\/10\/Ausstellung-Plakat-50-Jahre-EKS.jpg",960,720,false]},"rttpg_author":{"display_name":"admin","author_link":"https:\/\/eks-maintal.de\/cms\/author\/b-jovanovic\/"},"rttpg_comment":0,"rttpg_category":"<a href=\"https:\/\/eks-maintal.de\/cms\/category\/allgemein\/\" rel=\"category tag\">Allgemein<\/a>","rttpg_excerpt":"50 Jahre EKS &#8211; eine \u201eBest of\u201c- Ausstellung der EKS-Sch\u00fclerInnen im Hochst\u00e4dter Rathaus Die Erich K\u00e4stner-Schule feiert in diesem Jahr ihr 50j\u00e4hriges Bestehen. Im Rahmen dieses Jubil\u00e4umsjahres findet auch in diesem Jahr wieder eine Ausstellung im Maintaler Rathaus in Hochstadt statt. F\u00fcr die diesj\u00e4hrige Ausstellung im Rathaus wurde gestaltet, gemalt, gezeichnet, gebaut, get\u00f6pfert, gekocht, geklebt&hellip;","_links":{"self":[{"href":"https:\/\/eks-maintal.de\/cms\/wp-json\/wp\/v2\/posts\/3696","targetHints":{"allow":["GET"]}}],"collection":[{"href":"https:\/\/eks-maintal.de\/cms\/wp-json\/wp\/v2\/posts"}],"about":[{"href":"https:\/\/eks-maintal.de\/cms\/wp-json\/wp\/v2\/types\/post"}],"author":[{"embeddable":true,"href":"https:\/\/eks-maintal.de\/cms\/wp-json\/wp\/v2\/users\/2"}],"replies":[{"embeddable":true,"href":"https:\/\/eks-maintal.de\/cms\/wp-json\/wp\/v2\/comments?post=3696"}],"version-history":[{"count":4,"href":"https:\/\/eks-maintal.de\/cms\/wp-json\/wp\/v2\/posts\/3696\/revisions"}],"predecessor-version":[{"id":3725,"href":"https:\/\/eks-maintal.de\/cms\/wp-json\/wp\/v2\/posts\/3696\/revisions\/3725"}],"wp:featuredmedia":[{"embeddable":true,"href":"https:\/\/eks-maintal.de\/cms\/wp-json\/wp\/v2\/media\/3695"}],"wp:attachment":[{"href":"https:\/\/eks-maintal.de\/cms\/wp-json\/wp\/v2\/media?parent=3696"}],"wp:term":[{"taxonomy":"category","embeddable":true,"href":"https:\/\/eks-maintal.de\/cms\/wp-json\/wp\/v2\/categories?post=3696"},{"taxonomy":"post_tag","embeddable":true,"href":"https:\/\/eks-maintal.de\/cms\/wp-json\/wp\/v2\/tags?post=3696"}],"curies":[{"name":"wp","href":"https:\/\/api.w.org\/{rel}","templated":true}]}}