{"id":3700,"date":"2019-10-20T22:44:33","date_gmt":"2019-10-20T20:44:33","guid":{"rendered":"https:\/\/eks-maintal.de\/cms\/?p=3700"},"modified":"2019-10-22T09:03:47","modified_gmt":"2019-10-22T07:03:47","slug":"suppenfest-2019","status":"publish","type":"post","link":"https:\/\/eks-maintal.de\/cms\/suppenfest-2019\/","title":{"rendered":"Suppenfest 2019"},"content":{"rendered":"<p><strong>Bereits zum f\u00fcnften Mal beteiligt sich die EKS mit einer eigenen Suppe am Internationalen Maintaler Suppenfest \u2013 dem Stadtteilfest in Maintal-Bischofsheim.<\/strong><\/p>\n<p>In diesem Jahr \u00fcbernahmen es wieder die Sch\u00fclerinnen und Sch\u00fcler der beiden Intensivklassen diese Veranstaltung mit einem Suppenbeitrag zu bereichern. Diesmal gab es eine Lecho-Suppe. Unterst\u00fctzt vom Lehrerteam des IK-Bereiches wurde an einem Projekttag literweise Suppe gekocht und am 19. Oktober 2019 an die Besucherscharen ausgegeben. Der Suppenbeitrag der EKS wurde durchweg gelobt. Da war es kein Wunder, dass die Suppent\u00f6pfe am EKS-Stand bereits nach zwei Stunden leer waren. So blieb noch gen\u00fcgend Zeit, den Nachmittag gem\u00fctlich mit Kostproben der Suppen der anderen Organisationen und Vereine ausklingen zu lassen.<\/p>\n<p>&nbsp;<\/p>","protected":false},"excerpt":{"rendered":"<p>Bereits zum f\u00fcnften Mal beteiligt sich die EKS mit einer eigenen Suppe am Internationalen Maintaler Suppenfest \u2013 dem Stadtteilfest in Maintal-Bischofsheim. In diesem Jahr \u00fcbernahmen es wieder die Sch\u00fclerinnen und Sch\u00fcler der beiden Intensivklassen diese Veranstaltung mit einem Suppenbeitrag zu bereichern. Diesmal gab es eine Lecho-Suppe. Unterst\u00fctzt vom Lehrerteam des IK-Bereiches wurde an einem Projekttag [&hellip;]<\/p>\n","protected":false},"author":2,"featured_media":3701,"comment_status":"closed","ping_status":"closed","sticky":false,"template":"","format":"standard","meta":{"footnotes":""},"categories":[1],"tags":[],"class_list":["post-3700","post","type-post","status-publish","format-standard","has-post-thumbnail","hentry","category-allgemein"],"rttpg_featured_image_url":{"full":["https:\/\/eks-maintal.de\/cms\/wp-content\/uploads\/2019\/10\/20191019_162747.jpg",2238,2983,false],"landscape":["https:\/\/eks-maintal.de\/cms\/wp-content\/uploads\/2019\/10\/20191019_162747.jpg",2238,2983,false],"portraits":["https:\/\/eks-maintal.de\/cms\/wp-content\/uploads\/2019\/10\/20191019_162747.jpg",2238,2983,false],"thumbnail":["https:\/\/eks-maintal.de\/cms\/wp-content\/uploads\/2019\/10\/20191019_162747-113x150.jpg",113,150,true],"medium":["https:\/\/eks-maintal.de\/cms\/wp-content\/uploads\/2019\/10\/20191019_162747-225x300.jpg",225,300,true],"large":["https:\/\/eks-maintal.de\/cms\/wp-content\/uploads\/2019\/10\/20191019_162747-768x1024.jpg",620,827,true],"1536x1536":["https:\/\/eks-maintal.de\/cms\/wp-content\/uploads\/2019\/10\/20191019_162747.jpg",1152,1536,false],"2048x2048":["https:\/\/eks-maintal.de\/cms\/wp-content\/uploads\/2019\/10\/20191019_162747.jpg",1537,2048,false]},"rttpg_author":{"display_name":"admin","author_link":"https:\/\/eks-maintal.de\/cms\/author\/b-jovanovic\/"},"rttpg_comment":0,"rttpg_category":"<a href=\"https:\/\/eks-maintal.de\/cms\/category\/allgemein\/\" rel=\"category tag\">Allgemein<\/a>","rttpg_excerpt":"Bereits zum f\u00fcnften Mal beteiligt sich die EKS mit einer eigenen Suppe am Internationalen Maintaler Suppenfest \u2013 dem Stadtteilfest in Maintal-Bischofsheim. In diesem Jahr \u00fcbernahmen es wieder die Sch\u00fclerinnen und Sch\u00fcler der beiden Intensivklassen diese Veranstaltung mit einem Suppenbeitrag zu bereichern. Diesmal gab es eine Lecho-Suppe. Unterst\u00fctzt vom Lehrerteam des IK-Bereiches wurde an einem Projekttag&hellip;","_links":{"self":[{"href":"https:\/\/eks-maintal.de\/cms\/wp-json\/wp\/v2\/posts\/3700","targetHints":{"allow":["GET"]}}],"collection":[{"href":"https:\/\/eks-maintal.de\/cms\/wp-json\/wp\/v2\/posts"}],"about":[{"href":"https:\/\/eks-maintal.de\/cms\/wp-json\/wp\/v2\/types\/post"}],"author":[{"embeddable":true,"href":"https:\/\/eks-maintal.de\/cms\/wp-json\/wp\/v2\/users\/2"}],"replies":[{"embeddable":true,"href":"https:\/\/eks-maintal.de\/cms\/wp-json\/wp\/v2\/comments?post=3700"}],"version-history":[{"count":2,"href":"https:\/\/eks-maintal.de\/cms\/wp-json\/wp\/v2\/posts\/3700\/revisions"}],"predecessor-version":[{"id":3726,"href":"https:\/\/eks-maintal.de\/cms\/wp-json\/wp\/v2\/posts\/3700\/revisions\/3726"}],"wp:featuredmedia":[{"embeddable":true,"href":"https:\/\/eks-maintal.de\/cms\/wp-json\/wp\/v2\/media\/3701"}],"wp:attachment":[{"href":"https:\/\/eks-maintal.de\/cms\/wp-json\/wp\/v2\/media?parent=3700"}],"wp:term":[{"taxonomy":"category","embeddable":true,"href":"https:\/\/eks-maintal.de\/cms\/wp-json\/wp\/v2\/categories?post=3700"},{"taxonomy":"post_tag","embeddable":true,"href":"https:\/\/eks-maintal.de\/cms\/wp-json\/wp\/v2\/tags?post=3700"}],"curies":[{"name":"wp","href":"https:\/\/api.w.org\/{rel}","templated":true}]}}