{"id":3766,"date":"2019-12-20T10:19:51","date_gmt":"2019-12-20T08:19:51","guid":{"rendered":"https:\/\/eks-maintal.de\/cms\/?p=3766"},"modified":"2019-12-20T12:20:44","modified_gmt":"2019-12-20T10:20:44","slug":"akademische-feier-50-jahre-eks","status":"publish","type":"post","link":"https:\/\/eks-maintal.de\/cms\/akademische-feier-50-jahre-eks\/","title":{"rendered":"Akademische Feier 50 Jahre EKS"},"content":{"rendered":"<p>Eine rundum gelungene akademische Feier zum 50-j\u00e4hrigen Jubil\u00e4um unserer EKS fand am 12.09.2019 im B\u00fcrgerhaus Bischofsheim statt. Unsere Sch\u00fcler*innen zauberten ein buntes Programm auf die B\u00fchne. Verschiedene Spielszenen, K\u00e4stners ber\u00fchmtesten Werken nachempfunden, wurden aufgef\u00fchrt. So flogen unsere Sch\u00fcler*innen durch die Klassenzimmer und erkl\u00e4rten die Sache mit den Kl\u00f6\u00dfen. Abgerundet wurde das Programm durch verschiedene Tanz- und Musikauff\u00fchrungen. Die Akteure wurden durch tosenden Applaus der zahlreich erschienenen G\u00e4ste von der B\u00fchne begleitet.<\/p>\n<p>Bei H\u00e4ppchen und Getr\u00e4nken im Anschluss an die Auff\u00fchrungen und Reden nutzen unsere G\u00e4ste die Gelegenheit, sich intensiv \u00fcber unsere &#8222;Erich&#8220; auszutauschen. Die Schulgemeinde bedankt sich bei allen beteiligten f\u00fcr eine tolle Feier.<\/p>\n<p>Die Festtagsrede von Frau Hurst k\u00f6nnen Sie durch einen Klick auf den blauen Button herunterladen.<\/p>\n<a href=\"https:\/\/eks-maintal.de\/cms\/wp-content\/uploads\/2019\/12\/Rede-SL-50-Jahre-EKS.pdf\" class=\"su-button su-button-style-default\" style=\"color:#FFFFFF;background-color:#009bdc;border-color:#007cb0;border-radius:5px\" target=\"_blank\" rel=\"noopener noreferrer\"><span style=\"color:#FFFFFF;padding:0px 16px;font-size:13px;line-height:26px;border-color:#4db9e7;border-radius:5px;text-shadow:3px 3px 7px #000000\"> Rede Frau Hurst zur akademischen Feier<small style=\"padding-bottom:6px;color:#FFFFFF\">Zum Lesen bitte hier klicken<\/small><\/span><\/a>\n<div class='polaroid-gallery galleryid-3766' style='width:510px;'>\n\t\t\t<a href=\"https:\/\/eks-maintal.de\/cms\/wp-content\/uploads\/2019\/12\/p1440565-1024x683.jpg\" title=\"p1440565\" rel=\"polaroid_2026613536\" class=\"polaroid-gallery-item\"><span class=\"polaroid-gallery-image\" title=\"Akademische Feier\" style=\"background-image: url(https:\/\/eks-maintal.de\/cms\/wp-content\/uploads\/2019\/12\/p1440565-150x100.jpg); width: 150px; height: 100px;\"><\/span><\/a>\n\t\t\t<a href=\"https:\/\/eks-maintal.de\/cms\/wp-content\/uploads\/2019\/12\/p1440518-1024x683.jpg\" title=\"p1440518\" rel=\"polaroid_2026613536\" class=\"polaroid-gallery-item\"><span class=\"polaroid-gallery-image\" title=\"Akademische Feier\" style=\"background-image: url(https:\/\/eks-maintal.de\/cms\/wp-content\/uploads\/2019\/12\/p1440518-150x100.jpg); width: 150px; height: 100px;\"><\/span><\/a>\n\t\t\t<a href=\"https:\/\/eks-maintal.de\/cms\/wp-content\/uploads\/2019\/12\/p1440506-1024x683.jpg\" title=\"p1440506\" rel=\"polaroid_2026613536\" class=\"polaroid-gallery-item\"><span class=\"polaroid-gallery-image\" title=\"Akademische Feier\" style=\"background-image: url(https:\/\/eks-maintal.de\/cms\/wp-content\/uploads\/2019\/12\/p1440506-150x100.jpg); width: 150px; height: 100px;\"><\/span><\/a>\n\t\t\t<br style=\"clear: both;\" \/>\n\t\t\t<a href=\"https:\/\/eks-maintal.de\/cms\/wp-content\/uploads\/2019\/12\/p1440610-1024x683.jpg\" title=\"p1440610\" rel=\"polaroid_2026613536\" class=\"polaroid-gallery-item\"><span class=\"polaroid-gallery-image\" title=\"Akademische Feier\" style=\"background-image: url(https:\/\/eks-maintal.de\/cms\/wp-content\/uploads\/2019\/12\/p1440610-150x100.jpg); width: 150px; height: 100px;\"><\/span><\/a>\n\t\t\t<a href=\"https:\/\/eks-maintal.de\/cms\/wp-content\/uploads\/2019\/12\/p1440757-1024x746.jpg\" title=\"p1440757\" rel=\"polaroid_2026613536\" class=\"polaroid-gallery-item\"><span class=\"polaroid-gallery-image\" title=\"Akademische Feier\" style=\"background-image: url(https:\/\/eks-maintal.de\/cms\/wp-content\/uploads\/2019\/12\/p1440757-150x109.jpg); width: 150px; height: 109px;\"><\/span><\/a>\n\t\t\t<a href=\"https:\/\/eks-maintal.de\/cms\/wp-content\/uploads\/2019\/12\/p1450144-1024x683.jpg\" title=\"p1450144\" rel=\"polaroid_2026613536\" class=\"polaroid-gallery-item\"><span class=\"polaroid-gallery-image\" title=\"Akademische Feier\" style=\"background-image: url(https:\/\/eks-maintal.de\/cms\/wp-content\/uploads\/2019\/12\/p1450144-150x100.jpg); width: 150px; height: 100px;\"><\/span><\/a>\n\t\t\t<br style=\"clear: both;\" \/>\n\t\t\t<a href=\"https:\/\/eks-maintal.de\/cms\/wp-content\/uploads\/2019\/12\/p1440669-1024x683.jpg\" title=\"p1440669\" rel=\"polaroid_2026613536\" class=\"polaroid-gallery-item\"><span class=\"polaroid-gallery-image\" title=\"Akademische Feier\" style=\"background-image: url(https:\/\/eks-maintal.de\/cms\/wp-content\/uploads\/2019\/12\/p1440669-150x100.jpg); width: 150px; height: 100px;\"><\/span><\/a>\n\t\t\t<a href=\"https:\/\/eks-maintal.de\/cms\/wp-content\/uploads\/2019\/12\/p1450090-1024x683.jpg\" title=\"p1450090\" rel=\"polaroid_2026613536\" class=\"polaroid-gallery-item\"><span class=\"polaroid-gallery-image\" title=\"Akademische Feier\" style=\"background-image: url(https:\/\/eks-maintal.de\/cms\/wp-content\/uploads\/2019\/12\/p1450090-150x100.jpg); width: 150px; height: 100px;\"><\/span><\/a>\n\t\t\t<a href=\"https:\/\/eks-maintal.de\/cms\/wp-content\/uploads\/2019\/12\/p1450083-1024x683.jpg\" title=\"p1450083\" rel=\"polaroid_2026613536\" class=\"polaroid-gallery-item\"><span class=\"polaroid-gallery-image\" title=\"Akademische Feier\" style=\"background-image: url(https:\/\/eks-maintal.de\/cms\/wp-content\/uploads\/2019\/12\/p1450083-150x100.jpg); width: 150px; height: 100px;\"><\/span><\/a>\n\t\t\t<br style=\"clear: both;\" \/>\n\t\t\t<a href=\"https:\/\/eks-maintal.de\/cms\/wp-content\/uploads\/2019\/12\/p1440438-1024x683.jpg\" title=\"p1440438\" rel=\"polaroid_2026613536\" class=\"polaroid-gallery-item\"><span class=\"polaroid-gallery-image\" title=\"Akademische Feier\" style=\"background-image: url(https:\/\/eks-maintal.de\/cms\/wp-content\/uploads\/2019\/12\/p1440438-150x100.jpg); width: 150px; height: 100px;\"><\/span><\/a>\n\t\t\t<a href=\"https:\/\/eks-maintal.de\/cms\/wp-content\/uploads\/2019\/12\/p1450264-1024x704.jpg\" title=\"p1450264\" rel=\"polaroid_2026613536\" class=\"polaroid-gallery-item\"><span class=\"polaroid-gallery-image\" title=\"Akademische Feier\" style=\"background-image: url(https:\/\/eks-maintal.de\/cms\/wp-content\/uploads\/2019\/12\/p1450264-150x103.jpg); width: 150px; height: 103px;\"><\/span><\/a>\n\t\t\t<a href=\"https:\/\/eks-maintal.de\/cms\/wp-content\/uploads\/2019\/12\/p1450236-1024x683.jpg\" title=\"p1450236\" rel=\"polaroid_2026613536\" class=\"polaroid-gallery-item\"><span class=\"polaroid-gallery-image\" title=\"Akademische Feier\" style=\"background-image: url(https:\/\/eks-maintal.de\/cms\/wp-content\/uploads\/2019\/12\/p1450236-150x100.jpg); width: 150px; height: 100px;\"><\/span><\/a>\n\t\t\t<br style=\"clear: both;\" \/><\/div>\n","protected":false},"excerpt":{"rendered":"<p>Eine rundum gelungene akademische Feier zum 50-j\u00e4hrigen Jubil\u00e4um unserer EKS fand am 12.09.2019 im B\u00fcrgerhaus Bischofsheim statt. Unsere Sch\u00fcler*innen zauberten ein buntes Programm auf die B\u00fchne. Verschiedene Spielszenen, K\u00e4stners ber\u00fchmtesten Werken nachempfunden, wurden aufgef\u00fchrt. So flogen unsere Sch\u00fcler*innen durch die Klassenzimmer und erkl\u00e4rten die Sache mit den Kl\u00f6\u00dfen. Abgerundet wurde das Programm durch verschiedene Tanz- [&hellip;]<\/p>\n","protected":false},"author":2,"featured_media":3782,"comment_status":"closed","ping_status":"closed","sticky":false,"template":"","format":"standard","meta":{"footnotes":""},"categories":[1],"tags":[],"class_list":["post-3766","post","type-post","status-publish","format-standard","has-post-thumbnail","hentry","category-allgemein"],"rttpg_featured_image_url":{"full":["https:\/\/eks-maintal.de\/cms\/wp-content\/uploads\/2019\/12\/p1450090.jpg",1426,951,false],"landscape":["https:\/\/eks-maintal.de\/cms\/wp-content\/uploads\/2019\/12\/p1450090.jpg",1426,951,false],"portraits":["https:\/\/eks-maintal.de\/cms\/wp-content\/uploads\/2019\/12\/p1450090.jpg",1426,951,false],"thumbnail":["https:\/\/eks-maintal.de\/cms\/wp-content\/uploads\/2019\/12\/p1450090-150x100.jpg",150,100,true],"medium":["https:\/\/eks-maintal.de\/cms\/wp-content\/uploads\/2019\/12\/p1450090-300x200.jpg",300,200,true],"large":["https:\/\/eks-maintal.de\/cms\/wp-content\/uploads\/2019\/12\/p1450090-1024x683.jpg",620,414,true],"1536x1536":["https:\/\/eks-maintal.de\/cms\/wp-content\/uploads\/2019\/12\/p1450090.jpg",1426,951,false],"2048x2048":["https:\/\/eks-maintal.de\/cms\/wp-content\/uploads\/2019\/12\/p1450090.jpg",1426,951,false]},"rttpg_author":{"display_name":"admin","author_link":"https:\/\/eks-maintal.de\/cms\/author\/b-jovanovic\/"},"rttpg_comment":0,"rttpg_category":"<a href=\"https:\/\/eks-maintal.de\/cms\/category\/allgemein\/\" rel=\"category tag\">Allgemein<\/a>","rttpg_excerpt":"Eine rundum gelungene akademische Feier zum 50-j\u00e4hrigen Jubil\u00e4um unserer EKS fand am 12.09.2019 im B\u00fcrgerhaus Bischofsheim statt. Unsere Sch\u00fcler*innen zauberten ein buntes Programm auf die B\u00fchne. Verschiedene Spielszenen, K\u00e4stners ber\u00fchmtesten Werken nachempfunden, wurden aufgef\u00fchrt. So flogen unsere Sch\u00fcler*innen durch die Klassenzimmer und erkl\u00e4rten die Sache mit den Kl\u00f6\u00dfen. Abgerundet wurde das Programm durch verschiedene Tanz-&hellip;","_links":{"self":[{"href":"https:\/\/eks-maintal.de\/cms\/wp-json\/wp\/v2\/posts\/3766","targetHints":{"allow":["GET"]}}],"collection":[{"href":"https:\/\/eks-maintal.de\/cms\/wp-json\/wp\/v2\/posts"}],"about":[{"href":"https:\/\/eks-maintal.de\/cms\/wp-json\/wp\/v2\/types\/post"}],"author":[{"embeddable":true,"href":"https:\/\/eks-maintal.de\/cms\/wp-json\/wp\/v2\/users\/2"}],"replies":[{"embeddable":true,"href":"https:\/\/eks-maintal.de\/cms\/wp-json\/wp\/v2\/comments?post=3766"}],"version-history":[{"count":5,"href":"https:\/\/eks-maintal.de\/cms\/wp-json\/wp\/v2\/posts\/3766\/revisions"}],"predecessor-version":[{"id":3786,"href":"https:\/\/eks-maintal.de\/cms\/wp-json\/wp\/v2\/posts\/3766\/revisions\/3786"}],"wp:featuredmedia":[{"embeddable":true,"href":"https:\/\/eks-maintal.de\/cms\/wp-json\/wp\/v2\/media\/3782"}],"wp:attachment":[{"href":"https:\/\/eks-maintal.de\/cms\/wp-json\/wp\/v2\/media?parent=3766"}],"wp:term":[{"taxonomy":"category","embeddable":true,"href":"https:\/\/eks-maintal.de\/cms\/wp-json\/wp\/v2\/categories?post=3766"},{"taxonomy":"post_tag","embeddable":true,"href":"https:\/\/eks-maintal.de\/cms\/wp-json\/wp\/v2\/tags?post=3766"}],"curies":[{"name":"wp","href":"https:\/\/api.w.org\/{rel}","templated":true}]}}