{"id":4029,"date":"2020-09-05T22:32:37","date_gmt":"2020-09-05T20:32:37","guid":{"rendered":"https:\/\/eks-maintal.de\/cms\/?p=4029"},"modified":"2021-12-14T12:09:42","modified_gmt":"2021-12-14T10:09:42","slug":"unsere-neue-schulleitung","status":"publish","type":"post","link":"https:\/\/eks-maintal.de\/cms\/unsere-neue-schulleitung\/","title":{"rendered":"Unsere neue Schulleitung"},"content":{"rendered":"<h4>Das Leitungsteam stellt sich vor<\/h4>\n<p align=\"justify\">Unsere neue F\u00fchrungsspitze wurde durch die Dezernentin f\u00fcr Integrierte Gesamtschulen des Main-Kinzig-Kreises, Frau Brademann, in ihr Amt eingef\u00fchrt. Klicken Sie auf das Bild, um sie n\u00e4her kennenzulernen.<\/p>\n<p><a href=\"https:\/\/eks-maintal.de\/cms\/wp-content\/uploads\/2020\/09\/SULL_VDSL_EKS.pdf\" target=\"_blank\" rel=\"noopener noreferrer\"><img loading=\"lazy\" decoding=\"async\" class=\"alignleft wp-image-3915 size-medium\" src=\"https:\/\/eks-maintal.de\/cms\/wp-content\/uploads\/2020\/09\/IMG_2081-300x225.jpg\" alt=\"\" width=\"300\" height=\"225\" \/><\/a><\/p>\n<p align=\"justify\">","protected":false},"excerpt":{"rendered":"<p>Das Leitungsteam stellt sich vor Unsere neue F\u00fchrungsspitze wurde durch die Dezernentin f\u00fcr Integrierte Gesamtschulen des Main-Kinzig-Kreises, Frau Brademann, in ihr Amt eingef\u00fchrt. Klicken Sie auf das Bild, um sie n\u00e4her kennenzulernen.<\/p>\n","protected":false},"author":2,"featured_media":0,"comment_status":"closed","ping_status":"closed","sticky":false,"template":"","format":"standard","meta":{"footnotes":""},"categories":[1],"tags":[],"class_list":["post-4029","post","type-post","status-publish","format-standard","hentry","category-allgemein"],"rttpg_featured_image_url":null,"rttpg_author":{"display_name":"admin","author_link":"https:\/\/eks-maintal.de\/cms\/author\/b-jovanovic\/"},"rttpg_comment":0,"rttpg_category":"<a href=\"https:\/\/eks-maintal.de\/cms\/category\/allgemein\/\" rel=\"category tag\">Allgemein<\/a>","rttpg_excerpt":"Das Leitungsteam stellt sich vor Unsere neue F\u00fchrungsspitze wurde durch die Dezernentin f\u00fcr Integrierte Gesamtschulen des Main-Kinzig-Kreises, Frau Brademann, in ihr Amt eingef\u00fchrt. Klicken Sie auf das Bild, um sie n\u00e4her kennenzulernen.","_links":{"self":[{"href":"https:\/\/eks-maintal.de\/cms\/wp-json\/wp\/v2\/posts\/4029","targetHints":{"allow":["GET"]}}],"collection":[{"href":"https:\/\/eks-maintal.de\/cms\/wp-json\/wp\/v2\/posts"}],"about":[{"href":"https:\/\/eks-maintal.de\/cms\/wp-json\/wp\/v2\/types\/post"}],"author":[{"embeddable":true,"href":"https:\/\/eks-maintal.de\/cms\/wp-json\/wp\/v2\/users\/2"}],"replies":[{"embeddable":true,"href":"https:\/\/eks-maintal.de\/cms\/wp-json\/wp\/v2\/comments?post=4029"}],"version-history":[{"count":5,"href":"https:\/\/eks-maintal.de\/cms\/wp-json\/wp\/v2\/posts\/4029\/revisions"}],"predecessor-version":[{"id":4694,"href":"https:\/\/eks-maintal.de\/cms\/wp-json\/wp\/v2\/posts\/4029\/revisions\/4694"}],"wp:attachment":[{"href":"https:\/\/eks-maintal.de\/cms\/wp-json\/wp\/v2\/media?parent=4029"}],"wp:term":[{"taxonomy":"category","embeddable":true,"href":"https:\/\/eks-maintal.de\/cms\/wp-json\/wp\/v2\/categories?post=4029"},{"taxonomy":"post_tag","embeddable":true,"href":"https:\/\/eks-maintal.de\/cms\/wp-json\/wp\/v2\/tags?post=4029"}],"curies":[{"name":"wp","href":"https:\/\/api.w.org\/{rel}","templated":true}]}}