{"id":4089,"date":"2020-12-17T21:39:19","date_gmt":"2020-12-17T19:39:19","guid":{"rendered":"https:\/\/eks-maintal.de\/cms\/?p=4089"},"modified":"2020-12-17T21:55:36","modified_gmt":"2020-12-17T19:55:36","slug":"neuer-eks-kalender","status":"publish","type":"post","link":"https:\/\/eks-maintal.de\/cms\/neuer-eks-kalender\/","title":{"rendered":"Neuer EKS-Kalender"},"content":{"rendered":"<p>Der neue EKS-Kalender 2021 ist da!<\/p>\n<p>Erneut haben Sch\u00fcler*innen der Erich K\u00e4stner-Schule einen Kalender f\u00fcr das Jahr 2021 gestaltet. Besonders kreative Werke von Sch\u00fcler*innen aus verschiedenen Jahrgangsstufen wurden daf\u00fcr von der Kunstlehrerin Frau B\u00fctev ausgew\u00e4hlt, zusammengestellt und in den Druck gegeben. Interessenten k\u00f6nnen den Kalender \u00fcber das Sekretariat der EKS telefonisch erwerben:<\/p>\n<p>06109\/763460<\/p>\n<p>Der Kalender kostet 8\u20ac. Der Erl\u00f6s kommt dem Kunstfachbereich der EKS zugute.<\/p>","protected":false},"excerpt":{"rendered":"<p>Der neue EKS-Kalender 2021 ist da! Erneut haben Sch\u00fcler*innen der Erich K\u00e4stner-Schule einen Kalender f\u00fcr das Jahr 2021 gestaltet. Besonders kreative Werke von Sch\u00fcler*innen aus verschiedenen Jahrgangsstufen wurden daf\u00fcr von der Kunstlehrerin Frau B\u00fctev ausgew\u00e4hlt, zusammengestellt und in den Druck gegeben. Interessenten k\u00f6nnen den Kalender \u00fcber das Sekretariat der EKS telefonisch erwerben: 06109\/763460 Der Kalender [&hellip;]<\/p>\n","protected":false},"author":2,"featured_media":4101,"comment_status":"closed","ping_status":"closed","sticky":false,"template":"","format":"standard","meta":{"footnotes":""},"categories":[1],"tags":[],"class_list":["post-4089","post","type-post","status-publish","format-standard","has-post-thumbnail","hentry","category-allgemein"],"rttpg_featured_image_url":{"full":["https:\/\/eks-maintal.de\/cms\/wp-content\/uploads\/2020\/12\/EKS-Kalender-Cover-scaled.jpg",1804,2560,false],"landscape":["https:\/\/eks-maintal.de\/cms\/wp-content\/uploads\/2020\/12\/EKS-Kalender-Cover-scaled.jpg",1804,2560,false],"portraits":["https:\/\/eks-maintal.de\/cms\/wp-content\/uploads\/2020\/12\/EKS-Kalender-Cover-scaled.jpg",1804,2560,false],"thumbnail":["https:\/\/eks-maintal.de\/cms\/wp-content\/uploads\/2020\/12\/EKS-Kalender-Cover-106x150.jpg",106,150,true],"medium":["https:\/\/eks-maintal.de\/cms\/wp-content\/uploads\/2020\/12\/EKS-Kalender-Cover-211x300.jpg",211,300,true],"large":["https:\/\/eks-maintal.de\/cms\/wp-content\/uploads\/2020\/12\/EKS-Kalender-Cover-721x1024.jpg",620,881,true],"1536x1536":["https:\/\/eks-maintal.de\/cms\/wp-content\/uploads\/2020\/12\/EKS-Kalender-Cover-1082x1536.jpg",1082,1536,true],"2048x2048":["https:\/\/eks-maintal.de\/cms\/wp-content\/uploads\/2020\/12\/EKS-Kalender-Cover-1443x2048.jpg",1443,2048,true]},"rttpg_author":{"display_name":"admin","author_link":"https:\/\/eks-maintal.de\/cms\/author\/b-jovanovic\/"},"rttpg_comment":0,"rttpg_category":"<a href=\"https:\/\/eks-maintal.de\/cms\/category\/allgemein\/\" rel=\"category tag\">Allgemein<\/a>","rttpg_excerpt":"Der neue EKS-Kalender 2021 ist da! Erneut haben Sch\u00fcler*innen der Erich K\u00e4stner-Schule einen Kalender f\u00fcr das Jahr 2021 gestaltet. Besonders kreative Werke von Sch\u00fcler*innen aus verschiedenen Jahrgangsstufen wurden daf\u00fcr von der Kunstlehrerin Frau B\u00fctev ausgew\u00e4hlt, zusammengestellt und in den Druck gegeben. Interessenten k\u00f6nnen den Kalender \u00fcber das Sekretariat der EKS telefonisch erwerben: 06109\/763460 Der Kalender&hellip;","_links":{"self":[{"href":"https:\/\/eks-maintal.de\/cms\/wp-json\/wp\/v2\/posts\/4089","targetHints":{"allow":["GET"]}}],"collection":[{"href":"https:\/\/eks-maintal.de\/cms\/wp-json\/wp\/v2\/posts"}],"about":[{"href":"https:\/\/eks-maintal.de\/cms\/wp-json\/wp\/v2\/types\/post"}],"author":[{"embeddable":true,"href":"https:\/\/eks-maintal.de\/cms\/wp-json\/wp\/v2\/users\/2"}],"replies":[{"embeddable":true,"href":"https:\/\/eks-maintal.de\/cms\/wp-json\/wp\/v2\/comments?post=4089"}],"version-history":[{"count":1,"href":"https:\/\/eks-maintal.de\/cms\/wp-json\/wp\/v2\/posts\/4089\/revisions"}],"predecessor-version":[{"id":4090,"href":"https:\/\/eks-maintal.de\/cms\/wp-json\/wp\/v2\/posts\/4089\/revisions\/4090"}],"wp:featuredmedia":[{"embeddable":true,"href":"https:\/\/eks-maintal.de\/cms\/wp-json\/wp\/v2\/media\/4101"}],"wp:attachment":[{"href":"https:\/\/eks-maintal.de\/cms\/wp-json\/wp\/v2\/media?parent=4089"}],"wp:term":[{"taxonomy":"category","embeddable":true,"href":"https:\/\/eks-maintal.de\/cms\/wp-json\/wp\/v2\/categories?post=4089"},{"taxonomy":"post_tag","embeddable":true,"href":"https:\/\/eks-maintal.de\/cms\/wp-json\/wp\/v2\/tags?post=4089"}],"curies":[{"name":"wp","href":"https:\/\/api.w.org\/{rel}","templated":true}]}}