{"id":4206,"date":"2021-01-30T10:34:57","date_gmt":"2021-01-30T08:34:57","guid":{"rendered":"https:\/\/eks-maintal.de\/cms\/?p=4206"},"modified":"2021-01-30T10:34:57","modified_gmt":"2021-01-30T08:34:57","slug":"vorlesewettbewerb-2020","status":"publish","type":"post","link":"https:\/\/eks-maintal.de\/cms\/vorlesewettbewerb-2020\/","title":{"rendered":"Vorlesewettbewerb 2020"},"content":{"rendered":"<div style=\"width: 620px;\" class=\"wp-video\"><!--[if lt IE 9]><script>document.createElement('video');<\/script><![endif]-->\n<video class=\"wp-video-shortcode\" id=\"video-4206-1\" width=\"620\" height=\"349\" preload=\"metadata\" controls=\"controls\"><source type=\"video\/mp4\" src=\"https:\/\/eks-maintal.de\/Download\/Vorlesewettbewerb_2020.mp4?_=1\" \/><a href=\"https:\/\/eks-maintal.de\/Download\/Vorlesewettbewerb_2020.mp4\">https:\/\/eks-maintal.de\/Download\/Vorlesewettbewerb_2020.mp4<\/a><\/video><\/div>\n<p>&nbsp;<\/p>\n<p><strong>Erster digitaler Vorlesewettbewerb an der Erich K\u00e4stner-Schule<\/strong><\/p>\n<p align=\"justify\"><strong>Selin Caput aus der Klasse 6d ist Gewinnerin des diesj\u00e4hrigen Vorlesewettbewerbs an der Erich K\u00e4stner-Schule in Maintal-Bischofsheim. Zum 62. Mal wurden Sch\u00fcler*innen des sechsten Jahrgangs in ganz Deutschland vom B\u00f6rsenverein des Deutschen Buchhandels aufgerufen, ihre Lieblingsb\u00fccher vorzustellen und kurze, spannende Passagen aus diesen vorzulesen. Die Erich K\u00e4stner-Schule nahm wie bereits in der Vergangenheit auch in diesem Jahr, am 10. Dezember, daran teil, jedoch unter v\u00f6llig neuen Umst\u00e4nden.<\/strong><\/p>\n<p align=\"justify\">Aufgrund der Corona-Pandemie fand diese Veranstaltung zum ersten Mal in digitaler Form statt. Das Vorbereitungsteam, bestehend aus den Deutschlehrerinnen Canan T\u00fclekoglu und Meryem Yesilova sowie dem Sozialarbeiter Florian Biegel, entwickelte ein neues Konzept, welches es erm\u00f6glichte, die Klassenfanclubs der Vorleserinnen an dem Wettbewerb teilnehmen zu lassen. Der Vorlesewettbewerb wurde erstmals als Streaming-Event veranstaltet. Die Mensa wurde daf\u00fcr in besonderer Weise von den genannten Lehrerinnen dekoriert und der Wettbewerb somit live in die Klassenr\u00e4ume aller vier 6. Klassen \u00fcbertragen. Von dort aus dr\u00fcckten die Mitsch\u00fcler*innen sowie Klassenlehrer*innen tatkr\u00e4ftig ihren Favoritinnen die Daumen und fieberten der Entscheidung entgegen.<\/p>\n<p align=\"justify\">Im Vorfeld wurde nat\u00fcrlich seit Wochen ge\u00fcbt. Die Sch\u00fcler*innen der sechsten Klassen bereiteten ihre Buchvorstellungen inklusive mehrerer Lesekisten vor, \u00fcbten engagiert ihre selbstgew\u00e4hlten Textstellen und lasen sich gegenseitig \u201eum die Wette\u201c vor, um sich bestm\u00f6glich auf den kommenden Schulentscheid vorzubereiten. In den Monaten September bis November 2020 fanden hierf\u00fcr die Klassenentscheide statt.<\/p>\n<p align=\"justify\"><em>\u201eB\u00fccher sind fliegende Teppiche ins Reich der Phantasie.\u201c<\/em> \u2013 sagte einst der amerikanische Schriftsteller Daniel Lewis James. Die Sechstkl\u00e4sslerinnen nahmen alle Jurymitglieder*innen sowie das gesamte Publikum auf ganz unterschiedliche Reisen ins Reich der Phantasie mit. Selin las aus dem Buch <em>\u201eRuperts Tagebuch \u2013 Zu nett f\u00fcr diese Welt!: Jetzt rede ich!\u201c<\/em> von Jeff Kinney vor und gewann den Schulentscheid des Vorlesewettbewerbs. Der zu bew\u00e4ltigende Fremdtext stammte aus dem Buch <em>\u201eRico, Oskar und das Herzgebreche\u201c<\/em> von Andreas Steinh\u00f6fel. Auch diesen meisterte Selin mit Bravour. Sie setzte sich gegen ihre Mitstreiterinnen aus den Parallelklassen, Leonie J\u00e4ger (6a), Azra Tasdelen (6b) sowie Dolores Beric (6c), durch. Selin hat sich somit f\u00fcr den Stadt- bzw. Kreisentscheid qualifiziert.<\/p>\n<p align=\"justify\">Die Jury, bestehend aus der neuen Schulleiterin Frau Nocke-Olliger, dem stellvertretenden Schulleiter Herrn Lumpe, der Stufenleiterin 7.\/8. Frau Dinh Van, der Lehrerin Frau Fink sowie der F\u00f6rderschullehrerin Frau Neumann-L\u00fcck freuten sich sehr, dieses Ereignis begleiten zu d\u00fcrfen. \u00a0Die Stufenleiterin 5.\/6. Frau Kappler \u00fcbernahm die Moderation des Vorlesewettbewerbs. Bei der Siegerehrung verteilte die Jury allen Klassensiegerinnen kleine Pr\u00e4sente und Urkunden.<\/p>\n<p align=\"justify\">So war es gelungen, die bestehenden Einschr\u00e4nkungen glamour\u00f6s zu umgehen und durch das Vorlesen Momente der Gemeinsamkeit und N\u00e4he bei allen Beteiligten herzustellen. Eine gemeinsame Reise in das Reich der Phantasie wurde erfolgreich abgeschlossen.<\/p>\n<p>Wir w\u00fcnschen Selin f\u00fcr den Stadt- bzw. Kreisentscheid viel Erfolg!<\/p>\n<p>&nbsp;<\/p>\n<p>Meryem Yesilova und Canan T\u00fclekoglu<\/p>","protected":false},"excerpt":{"rendered":"<p>&nbsp; Erster digitaler Vorlesewettbewerb an der Erich K\u00e4stner-Schule Selin Caput aus der Klasse 6d ist Gewinnerin des diesj\u00e4hrigen Vorlesewettbewerbs an der Erich K\u00e4stner-Schule in Maintal-Bischofsheim. Zum 62. Mal wurden Sch\u00fcler*innen des sechsten Jahrgangs in ganz Deutschland vom B\u00f6rsenverein des Deutschen Buchhandels aufgerufen, ihre Lieblingsb\u00fccher vorzustellen und kurze, spannende Passagen aus diesen vorzulesen. Die Erich K\u00e4stner-Schule [&hellip;]<\/p>\n","protected":false},"author":2,"featured_media":0,"comment_status":"closed","ping_status":"closed","sticky":false,"template":"","format":"standard","meta":{"footnotes":""},"categories":[1],"tags":[],"class_list":["post-4206","post","type-post","status-publish","format-standard","hentry","category-allgemein"],"rttpg_featured_image_url":null,"rttpg_author":{"display_name":"admin","author_link":"https:\/\/eks-maintal.de\/cms\/author\/b-jovanovic\/"},"rttpg_comment":0,"rttpg_category":"<a href=\"https:\/\/eks-maintal.de\/cms\/category\/allgemein\/\" rel=\"category tag\">Allgemein<\/a>","rttpg_excerpt":"&nbsp; Erster digitaler Vorlesewettbewerb an der Erich K\u00e4stner-Schule Selin Caput aus der Klasse 6d ist Gewinnerin des diesj\u00e4hrigen Vorlesewettbewerbs an der Erich K\u00e4stner-Schule in Maintal-Bischofsheim. Zum 62. Mal wurden Sch\u00fcler*innen des sechsten Jahrgangs in ganz Deutschland vom B\u00f6rsenverein des Deutschen Buchhandels aufgerufen, ihre Lieblingsb\u00fccher vorzustellen und kurze, spannende Passagen aus diesen vorzulesen. Die Erich K\u00e4stner-Schule&hellip;","_links":{"self":[{"href":"https:\/\/eks-maintal.de\/cms\/wp-json\/wp\/v2\/posts\/4206","targetHints":{"allow":["GET"]}}],"collection":[{"href":"https:\/\/eks-maintal.de\/cms\/wp-json\/wp\/v2\/posts"}],"about":[{"href":"https:\/\/eks-maintal.de\/cms\/wp-json\/wp\/v2\/types\/post"}],"author":[{"embeddable":true,"href":"https:\/\/eks-maintal.de\/cms\/wp-json\/wp\/v2\/users\/2"}],"replies":[{"embeddable":true,"href":"https:\/\/eks-maintal.de\/cms\/wp-json\/wp\/v2\/comments?post=4206"}],"version-history":[{"count":3,"href":"https:\/\/eks-maintal.de\/cms\/wp-json\/wp\/v2\/posts\/4206\/revisions"}],"predecessor-version":[{"id":4211,"href":"https:\/\/eks-maintal.de\/cms\/wp-json\/wp\/v2\/posts\/4206\/revisions\/4211"}],"wp:attachment":[{"href":"https:\/\/eks-maintal.de\/cms\/wp-json\/wp\/v2\/media?parent=4206"}],"wp:term":[{"taxonomy":"category","embeddable":true,"href":"https:\/\/eks-maintal.de\/cms\/wp-json\/wp\/v2\/categories?post=4206"},{"taxonomy":"post_tag","embeddable":true,"href":"https:\/\/eks-maintal.de\/cms\/wp-json\/wp\/v2\/tags?post=4206"}],"curies":[{"name":"wp","href":"https:\/\/api.w.org\/{rel}","templated":true}]}}