{"id":4375,"date":"2021-03-18T21:45:30","date_gmt":"2021-03-18T19:45:30","guid":{"rendered":"https:\/\/eks-maintal.de\/cms\/?p=4375"},"modified":"2021-03-18T22:03:33","modified_gmt":"2021-03-18T20:03:33","slug":"4375-2","status":"publish","type":"post","link":"https:\/\/eks-maintal.de\/cms\/4375-2\/","title":{"rendered":"Solidarisches Handeln"},"content":{"rendered":"<div class=\"wp-block-media-text alignwide is-stacked-on-mobile\" style=\"grid-template-columns:47% auto\"><figure class=\"wp-block-media-text__media\"><img loading=\"lazy\" decoding=\"async\" width=\"616\" height=\"873\" src=\"https:\/\/eks-maintal.de\/cms\/wp-content\/uploads\/2021\/03\/Solidarisches-Handeln-1.jpg\" alt=\"\" class=\"wp-image-4370 size-full\"\/><\/figure><div class=\"wp-block-media-text__content\">\n<p class=\"has-normal-font-size\">Sehr geehrte Eltern, liebe Sch\u00fclerinnen und Sch\u00fcler, liebe Kolleginnen und Kollegen, <\/p>\n\n\n\n<p class=\"has-small-font-size has-normal-font-size\" align=\"justify\">die Pandemieausbreitung nimmt leider wieder an Geschwindigkeit zu. Das hat zur Folge, dass laut MKK der f\u00fcr den 22.03.2021 angek\u00fcdigte Pr\u00e4senzunterricht der Jahrg\u00e4ge7\/8 nicht stattfinden wird, was wir als EKS au\u00dferordentlich bedauern, aber gesamtschulisch mittragen und begr\u00fc\u00dfen. \nNeu ist in diesem Zusammenhang, dass nunmehr eher j\u00fcngere und mittlere Altersgruppen von Coronainfektionen betroffen zu sein scheinen, wobei viele Krankheitsverl\u00e4ufe nach wie vor unentdeckt zu bleiben scheinen \u2013 w\u00e4hrend die gesamtgesellschaftliche Todesrate steigt.<\/p>\n\n\n\n<a href=\"https:\/\/eks-maintal.de\/cms\/wp-content\/uploads\/2021\/03\/2021_03_17_Coronainfo-Schulgemeinde.pdf\" class=\"su-button su-button-style-default\" style=\"color:#FFFFFF;background-color:#009bdc;border-color:#007cb0;border-radius:5px\" target=\"_blank\" rel=\"noopener noreferrer\"><span style=\"color:#FFFFFF;padding:0px 16px;font-size:13px;line-height:26px;border-color:#4db9e7;border-radius:5px;text-shadow:3px 3px 7px #000000\"> Weiterlesen<small style=\"padding-bottom:6px;color:#FFFFFF\">18.03.2021<\/small><\/span><\/a>\n<\/div><\/div>\n\n\n\n","protected":false},"excerpt":{"rendered":"<p>Sehr geehrte Eltern, liebe Sch\u00fclerinnen und Sch\u00fcler, liebe Kolleginnen und Kollegen, die Pandemieausbreitung nimmt leider wieder an Geschwindigkeit zu. Das hat zur Folge, dass laut MKK der f\u00fcr den 22.03.2021 angek\u00fcdigte Pr\u00e4senzunterricht der Jahrg\u00e4ge7\/8 nicht stattfinden wird, was wir als EKS au\u00dferordentlich bedauern, aber gesamtschulisch mittragen und begr\u00fc\u00dfen. Neu ist in diesem Zusammenhang, dass nunmehr [&hellip;]<\/p>\n","protected":false},"author":2,"featured_media":0,"comment_status":"closed","ping_status":"closed","sticky":false,"template":"","format":"standard","meta":{"footnotes":""},"categories":[1],"tags":[],"class_list":["post-4375","post","type-post","status-publish","format-standard","hentry","category-allgemein"],"rttpg_featured_image_url":null,"rttpg_author":{"display_name":"admin","author_link":"https:\/\/eks-maintal.de\/cms\/author\/b-jovanovic\/"},"rttpg_comment":0,"rttpg_category":"<a href=\"https:\/\/eks-maintal.de\/cms\/category\/allgemein\/\" rel=\"category tag\">Allgemein<\/a>","rttpg_excerpt":"Sehr geehrte Eltern, liebe Sch\u00fclerinnen und Sch\u00fcler, liebe Kolleginnen und Kollegen, die Pandemieausbreitung nimmt leider wieder an Geschwindigkeit zu. Das hat zur Folge, dass laut MKK der f\u00fcr den 22.03.2021 angek\u00fcdigte Pr\u00e4senzunterricht der Jahrg\u00e4ge7\/8 nicht stattfinden wird, was wir als EKS au\u00dferordentlich bedauern, aber gesamtschulisch mittragen und begr\u00fc\u00dfen. Neu ist in diesem Zusammenhang, dass nunmehr&hellip;","_links":{"self":[{"href":"https:\/\/eks-maintal.de\/cms\/wp-json\/wp\/v2\/posts\/4375","targetHints":{"allow":["GET"]}}],"collection":[{"href":"https:\/\/eks-maintal.de\/cms\/wp-json\/wp\/v2\/posts"}],"about":[{"href":"https:\/\/eks-maintal.de\/cms\/wp-json\/wp\/v2\/types\/post"}],"author":[{"embeddable":true,"href":"https:\/\/eks-maintal.de\/cms\/wp-json\/wp\/v2\/users\/2"}],"replies":[{"embeddable":true,"href":"https:\/\/eks-maintal.de\/cms\/wp-json\/wp\/v2\/comments?post=4375"}],"version-history":[{"count":17,"href":"https:\/\/eks-maintal.de\/cms\/wp-json\/wp\/v2\/posts\/4375\/revisions"}],"predecessor-version":[{"id":4393,"href":"https:\/\/eks-maintal.de\/cms\/wp-json\/wp\/v2\/posts\/4375\/revisions\/4393"}],"wp:attachment":[{"href":"https:\/\/eks-maintal.de\/cms\/wp-json\/wp\/v2\/media?parent=4375"}],"wp:term":[{"taxonomy":"category","embeddable":true,"href":"https:\/\/eks-maintal.de\/cms\/wp-json\/wp\/v2\/categories?post=4375"},{"taxonomy":"post_tag","embeddable":true,"href":"https:\/\/eks-maintal.de\/cms\/wp-json\/wp\/v2\/tags?post=4375"}],"curies":[{"name":"wp","href":"https:\/\/api.w.org\/{rel}","templated":true}]}}