{"id":4499,"date":"2021-06-02T19:23:47","date_gmt":"2021-06-02T17:23:47","guid":{"rendered":"https:\/\/eks-maintal.de\/cms\/?p=4499"},"modified":"2021-06-07T11:16:21","modified_gmt":"2021-06-07T09:16:21","slug":"krisenchat","status":"publish","type":"post","link":"https:\/\/eks-maintal.de\/cms\/krisenchat\/","title":{"rendered":"Krisenchat"},"content":{"rendered":"<figure class=\"wp-block-image size-large is-resized\"><img loading=\"lazy\" decoding=\"async\" src=\"https:\/\/eks-maintal.de\/cms\/wp-content\/uploads\/2021\/06\/Bild1.png\" alt=\"\" class=\"wp-image-4495\" width=\"828\" height=\"552\"\/><\/figure>\n\n\n\n<p>Seit \u00fcber einem Jahr ist an den Schulen nichts mehr wie es war. Homeschooling, Hybrid- oder Wechselunterricht, abh\u00e4ngig von der Coronasituation wurden Kinder und Jugendliche mit st\u00e4ndig wechselnden Situationen konfrontiert.<br>Die Unterrichtssituation sowie die h\u00e4usliche Umgebung, der soziale Kontakt zu Freunden, Sportvereine, die keine \u00dcbungs- oder Trainingsstunden anbieten konnten&#8230;.. all das ist seit Monaten schwierig. Auch bekannt ist, dass dies f\u00fcr Kinder und Jugendliche extrem belastend ist. Viele sind einsam, traurig oder haben Angst. Viele trauen sich nicht, sich jemandem anzuvertrauen.<\/p>\n\n\n\n<div class=\"wp-block-columns is-layout-flex wp-container-core-columns-is-layout-2 wp-block-columns-is-layout-flex\">\n<div class=\"wp-block-column is-layout-flow wp-block-column-is-layout-flow\" style=\"flex-basis:100%\">\n<div class=\"wp-block-columns is-layout-flex wp-container-core-columns-is-layout-1 wp-block-columns-is-layout-flex\">\n<div class=\"wp-block-column is-layout-flow wp-block-column-is-layout-flow\" style=\"flex-basis:100%\">\n<figure class=\"wp-block-gallery columns-2 is-cropped wp-block-gallery-1 is-layout-flex wp-block-gallery-is-layout-flex\"><ul class=\"blocks-gallery-grid\"><li class=\"blocks-gallery-item\"><figure><img loading=\"lazy\" decoding=\"async\" width=\"230\" height=\"305\" src=\"https:\/\/eks-maintal.de\/cms\/wp-content\/uploads\/2021\/06\/Bild2.jpg\" alt=\"\" data-id=\"4498\" data-full-url=\"https:\/\/eks-maintal.de\/cms\/wp-content\/uploads\/2021\/06\/Bild2.jpg\" data-link=\"https:\/\/eks-maintal.de\/cms\/bild2\/\" class=\"wp-image-4498\"\/><\/figure><\/li><li class=\"blocks-gallery-item\"><figure><img loading=\"lazy\" decoding=\"async\" width=\"312\" height=\"402\" src=\"https:\/\/eks-maintal.de\/cms\/wp-content\/uploads\/2021\/06\/Bild3.png\" alt=\"\" data-id=\"4497\" data-full-url=\"https:\/\/eks-maintal.de\/cms\/wp-content\/uploads\/2021\/06\/Bild3.png\" data-link=\"https:\/\/eks-maintal.de\/cms\/bild3\/\" class=\"wp-image-4497\"\/><\/figure><\/li><\/ul><\/figure>\n<\/div>\n<\/div>\n<\/div>\n<\/div>\n\n\n\n<p><strong>Kai Lanz<\/strong> aus Berlin hat sich deshalb \u00fcberlegt, wie man den Jugendlichen ein zeitgem\u00e4\u00dfes Hilfsangebot machen k\u00f6nnte. Zusammen mit Freunden hat er den <strong>Krisenchat<\/strong> gegr\u00fcndet.<\/p>\n\n\n\n<p><strong>Krisenchat.de<\/strong> bietet online eine M\u00f6glichkeit, \u00fcber whatsapp vertraulich sein Problem zu beschreiben. Professionelle Betreuung 24 Stunden an 7 Tagen ist gew\u00e4hrleistet.<br><\/p>\n\n\n\n<div class=\"wp-block-media-text alignwide is-stacked-on-mobile\"><figure class=\"wp-block-media-text__media\"><img loading=\"lazy\" decoding=\"async\" width=\"1024\" height=\"631\" src=\"https:\/\/eks-maintal.de\/cms\/wp-content\/uploads\/2021\/06\/Krisenchat-1024x631.png\" alt=\"\" class=\"wp-image-4494 size-full\"\/><\/figure><div class=\"wp-block-media-text__content\">\n<p class=\"has-medium-font-size\"><br><br><a href=\"https:\/\/krisenchat.de\/\">https:\/\/krisenchat.de\/<\/a><br><\/p>\n<\/div><\/div>\n\n\n\n<p>In Maintal haben sich f\u00fcnf Gruppen vorgenommen, Ende Mai ihre Arbeit zum Thema \u201eSolidarit\u00e4t\u201can f\u00fcnf Orten&nbsp; vorzustellen. Wegen Corona wurde diese Aktion verschoben. Die Gruppe aus der Gemeinde St. Theresia will deshalb <strong>Kai Kanz und Krisenchat.de <\/strong>hier vorstellen.<\/p>\n\n\n\n<pre class=\"wp-block-code\"><code><a href=\"https:\/\/www.zdf.de\/nachrichten\/video\/gesellschaft-lanz-corona-krisenchat-100.html\" data-type=\"URL\" data-id=\"https:\/\/www.zdf.de\/nachrichten\/video\/gesellschaft-lanz-corona-krisenchat-100.html\">https:\/\/www.zdf.de\/nachrichten\/video\/gesellschaft-lanz-corona-krisenchat-100.html<\/a><\/code><\/pre>\n\n\n\n<p><strong>Auch Eure Schulen bieten Hilfe an:<\/strong><br><\/p>\n\n\n\n<figure class=\"wp-block-table is-style-stripes\"><table><tbody><tr><td><strong>Albert Einstein Schule<\/strong><\/td><td><strong>Erich K\u00e4stner Schule<\/strong><\/td><td><strong>Schule am Ried<\/strong><\/td><\/tr><tr><td><strong><u><br><br><\/u><\/strong><\/td><td><strong><u><br><\/u><\/strong><strong>Jugendhilfe<\/strong><\/td><td><strong><u><br><br><\/u><\/strong><\/td><\/tr><tr><td><strong>&nbsp;<\/strong><\/td><td>Frau Kreis<\/td><td>Frau Wagner<\/td><\/tr><tr><td>&nbsp;<\/td><td>Herr Gado<\/td><td>&nbsp;<\/td><\/tr><tr><td><strong><br><br><\/strong><\/td><td><strong><u><br><\/u><\/strong><strong>Kinderschutzbeauftragte<\/strong><\/td><td><strong><br><br><\/strong><\/td><\/tr><tr><td>&nbsp;<\/td><td>&nbsp;<\/td><td>Frau Werth<\/td><\/tr><tr><td><strong><br><br><\/strong><\/td><td><strong><u><br><\/u><\/strong><strong>Verbindungslehrer<\/strong><\/td><td><strong><br><br><\/strong><\/td><\/tr><tr><td>Frau Sabranski<br>Herr Wendler<\/td><td><br><br><\/td><td>Frau M\u00fcnch<br>Herrr Bertsch<\/td><\/tr><\/tbody><\/table><\/figure>\n\n\n\n<p><strong>Main-Kinzig-Kreis und Stadt Maintal<\/strong><strong><\/strong><\/p>\n\n\n\n<p><strong>EINRICHTUNGEN DER JUGENDARBEIT IN MAINTAL<br><\/strong><a href=\"https:\/\/www.maintal.de\/einrichtungen-der-jugendarbeit\">https:\/\/www.maintal.de\/einrichtungen-der-jugendarbeit<\/a><\/p>\n\n\n\n<p><strong>Aufsuchende Suchtberatung und Fachstelle Pr\u00e4vention Maintal<br><\/strong><a href=\"https:\/\/maintal.jj-ev.de\/\">https:\/\/maintal.jj-ev.de\/<\/a><\/p>\n\n\n\n<p><strong>Familienberatungsstelle<br><\/strong><a href=\"https:\/\/ask-hessen.de\/unser-angebot\/familienberatung\">https:\/\/ask-hessen.de\/unser-angebot\/familienberatung<\/a><\/p>\n\n\n\n<p><strong>Mobile Beratung <\/strong><strong>f\u00fcr Kinder, Jugendliche, Erwachsene und Familien in Maintal<br><\/strong>freiwillig \u2013 kostenlos \u2013 vertraulich<br><a href=\"http:\/\/www.welle.website\/mobile-beratung-maintal\">http:\/\/www.welle.website\/mobile-beratung-maintal<\/a><\/p>\n\n\n\n<figure class=\"wp-block-image size-large\"><img loading=\"lazy\" decoding=\"async\" width=\"763\" height=\"432\" src=\"https:\/\/eks-maintal.de\/cms\/wp-content\/uploads\/2021\/06\/Bild4.png\" alt=\"\" class=\"wp-image-4496\"\/><\/figure>","protected":false},"excerpt":{"rendered":"<p>Seit \u00fcber einem Jahr ist an den Schulen nichts mehr wie es war. Homeschooling, Hybrid- oder Wechselunterricht, abh\u00e4ngig von der Coronasituation wurden Kinder und Jugendliche mit st\u00e4ndig wechselnden Situationen konfrontiert.Die Unterrichtssituation sowie die h\u00e4usliche Umgebung, der soziale Kontakt zu Freunden, Sportvereine, die keine \u00dcbungs- oder Trainingsstunden anbieten konnten&#8230;.. all das ist seit Monaten schwierig. Auch [&hellip;]<\/p>\n","protected":false},"author":2,"featured_media":0,"comment_status":"closed","ping_status":"closed","sticky":false,"template":"","format":"standard","meta":{"footnotes":""},"categories":[1],"tags":[],"class_list":["post-4499","post","type-post","status-publish","format-standard","hentry","category-allgemein"],"rttpg_featured_image_url":null,"rttpg_author":{"display_name":"admin","author_link":"https:\/\/eks-maintal.de\/cms\/author\/b-jovanovic\/"},"rttpg_comment":0,"rttpg_category":"<a href=\"https:\/\/eks-maintal.de\/cms\/category\/allgemein\/\" rel=\"category tag\">Allgemein<\/a>","rttpg_excerpt":"Seit \u00fcber einem Jahr ist an den Schulen nichts mehr wie es war. Homeschooling, Hybrid- oder Wechselunterricht, abh\u00e4ngig von der Coronasituation wurden Kinder und Jugendliche mit st\u00e4ndig wechselnden Situationen konfrontiert.Die Unterrichtssituation sowie die h\u00e4usliche Umgebung, der soziale Kontakt zu Freunden, Sportvereine, die keine \u00dcbungs- oder Trainingsstunden anbieten konnten&#8230;.. all das ist seit Monaten schwierig. Auch&hellip;","_links":{"self":[{"href":"https:\/\/eks-maintal.de\/cms\/wp-json\/wp\/v2\/posts\/4499","targetHints":{"allow":["GET"]}}],"collection":[{"href":"https:\/\/eks-maintal.de\/cms\/wp-json\/wp\/v2\/posts"}],"about":[{"href":"https:\/\/eks-maintal.de\/cms\/wp-json\/wp\/v2\/types\/post"}],"author":[{"embeddable":true,"href":"https:\/\/eks-maintal.de\/cms\/wp-json\/wp\/v2\/users\/2"}],"replies":[{"embeddable":true,"href":"https:\/\/eks-maintal.de\/cms\/wp-json\/wp\/v2\/comments?post=4499"}],"version-history":[{"count":7,"href":"https:\/\/eks-maintal.de\/cms\/wp-json\/wp\/v2\/posts\/4499\/revisions"}],"predecessor-version":[{"id":4507,"href":"https:\/\/eks-maintal.de\/cms\/wp-json\/wp\/v2\/posts\/4499\/revisions\/4507"}],"wp:attachment":[{"href":"https:\/\/eks-maintal.de\/cms\/wp-json\/wp\/v2\/media?parent=4499"}],"wp:term":[{"taxonomy":"category","embeddable":true,"href":"https:\/\/eks-maintal.de\/cms\/wp-json\/wp\/v2\/categories?post=4499"},{"taxonomy":"post_tag","embeddable":true,"href":"https:\/\/eks-maintal.de\/cms\/wp-json\/wp\/v2\/tags?post=4499"}],"curies":[{"name":"wp","href":"https:\/\/api.w.org\/{rel}","templated":true}]}}