{"id":4655,"date":"2021-10-27T16:38:24","date_gmt":"2021-10-27T14:38:24","guid":{"rendered":"https:\/\/eks-maintal.de\/cms\/?p=4655"},"modified":"2021-10-27T17:23:40","modified_gmt":"2021-10-27T15:23:40","slug":"abend-der-offenen-tuer-2021","status":"publish","type":"post","link":"https:\/\/eks-maintal.de\/cms\/abend-der-offenen-tuer-2021\/","title":{"rendered":"Abend der offenen T\u00fcr 2021"},"content":{"rendered":"<p><strong>Sehr geehrte Eltern, liebe Sch\u00fclerinnen und Sch\u00fcler,<\/strong><\/p>\n\n\n\n<p>wir laden Sie\/euch herzlich zu unserem Tag der offenen T\u00fcr zu uns an die Erich K\u00e4stner- Schule ein. Um ein sicheres und gutes Gelingen dieses Abends zu gew\u00e4hrleisten gelten folgende Rahmenbedingungen:<\/p>\n\n\n\n<ul class=\"wp-block-list\"><li>Es gilt die <strong>3G<\/strong>&#8211;<strong>Regel<\/strong> &#8211; Besucher m\u00fcssen <strong>geimpft, genesen<\/strong> oder g<strong>etestet<\/strong> sein<\/li><li>Es gelten die allgemeinen Hygiene- und Anbstandsregeln<\/li><li>Zur Kontaktnachverfolgung ist eine Registrierung notwendig:<ul><li>Per LUCA-App <\/li><li>Alternativ: Registrierung per Zettel am Eingang<\/li><\/ul><\/li><li>Wir bieten aufgrund der Pandemiesituation nur F\u00fchrungen in Kleingruppen an (maximal drei Familien)<\/li><\/ul>\n\n\n\n<p><strong>Wir freuen uns auf Sie\/euch!<\/strong><\/p>\n\n\n\n<p>Ihre Schulgemeinde der Erich K\u00e4stner &#8211; Schule<\/p>\n\n\n\n","protected":false},"excerpt":{"rendered":"<p>Sehr geehrte Eltern, liebe Sch\u00fclerinnen und Sch\u00fcler, wir laden Sie\/euch herzlich zu unserem Tag der offenen T\u00fcr zu uns an die Erich K\u00e4stner- Schule ein. Um ein sicheres und gutes Gelingen dieses Abends zu gew\u00e4hrleisten gelten folgende Rahmenbedingungen: Es gilt die 3G&#8211;Regel &#8211; Besucher m\u00fcssen geimpft, genesen oder getestet sein Es gelten die allgemeinen Hygiene- [&hellip;]<\/p>\n","protected":false},"author":2,"featured_media":4654,"comment_status":"closed","ping_status":"closed","sticky":false,"template":"","format":"standard","meta":{"footnotes":""},"categories":[1],"tags":[],"class_list":["post-4655","post","type-post","status-publish","format-standard","has-post-thumbnail","hentry","category-allgemein"],"rttpg_featured_image_url":{"full":["https:\/\/eks-maintal.de\/cms\/wp-content\/uploads\/2021\/10\/AdoT_2021.png",867,613,false],"landscape":["https:\/\/eks-maintal.de\/cms\/wp-content\/uploads\/2021\/10\/AdoT_2021.png",867,613,false],"portraits":["https:\/\/eks-maintal.de\/cms\/wp-content\/uploads\/2021\/10\/AdoT_2021.png",867,613,false],"thumbnail":["https:\/\/eks-maintal.de\/cms\/wp-content\/uploads\/2021\/10\/AdoT_2021-150x106.png",150,106,true],"medium":["https:\/\/eks-maintal.de\/cms\/wp-content\/uploads\/2021\/10\/AdoT_2021-300x212.png",300,212,true],"large":["https:\/\/eks-maintal.de\/cms\/wp-content\/uploads\/2021\/10\/AdoT_2021.png",620,438,false],"1536x1536":["https:\/\/eks-maintal.de\/cms\/wp-content\/uploads\/2021\/10\/AdoT_2021.png",867,613,false],"2048x2048":["https:\/\/eks-maintal.de\/cms\/wp-content\/uploads\/2021\/10\/AdoT_2021.png",867,613,false]},"rttpg_author":{"display_name":"admin","author_link":"https:\/\/eks-maintal.de\/cms\/author\/b-jovanovic\/"},"rttpg_comment":0,"rttpg_category":"<a href=\"https:\/\/eks-maintal.de\/cms\/category\/allgemein\/\" rel=\"category tag\">Allgemein<\/a>","rttpg_excerpt":"Sehr geehrte Eltern, liebe Sch\u00fclerinnen und Sch\u00fcler, wir laden Sie\/euch herzlich zu unserem Tag der offenen T\u00fcr zu uns an die Erich K\u00e4stner- Schule ein. Um ein sicheres und gutes Gelingen dieses Abends zu gew\u00e4hrleisten gelten folgende Rahmenbedingungen: Es gilt die 3G&#8211;Regel &#8211; Besucher m\u00fcssen geimpft, genesen oder getestet sein Es gelten die allgemeinen Hygiene-&hellip;","_links":{"self":[{"href":"https:\/\/eks-maintal.de\/cms\/wp-json\/wp\/v2\/posts\/4655","targetHints":{"allow":["GET"]}}],"collection":[{"href":"https:\/\/eks-maintal.de\/cms\/wp-json\/wp\/v2\/posts"}],"about":[{"href":"https:\/\/eks-maintal.de\/cms\/wp-json\/wp\/v2\/types\/post"}],"author":[{"embeddable":true,"href":"https:\/\/eks-maintal.de\/cms\/wp-json\/wp\/v2\/users\/2"}],"replies":[{"embeddable":true,"href":"https:\/\/eks-maintal.de\/cms\/wp-json\/wp\/v2\/comments?post=4655"}],"version-history":[{"count":3,"href":"https:\/\/eks-maintal.de\/cms\/wp-json\/wp\/v2\/posts\/4655\/revisions"}],"predecessor-version":[{"id":4658,"href":"https:\/\/eks-maintal.de\/cms\/wp-json\/wp\/v2\/posts\/4655\/revisions\/4658"}],"wp:featuredmedia":[{"embeddable":true,"href":"https:\/\/eks-maintal.de\/cms\/wp-json\/wp\/v2\/media\/4654"}],"wp:attachment":[{"href":"https:\/\/eks-maintal.de\/cms\/wp-json\/wp\/v2\/media?parent=4655"}],"wp:term":[{"taxonomy":"category","embeddable":true,"href":"https:\/\/eks-maintal.de\/cms\/wp-json\/wp\/v2\/categories?post=4655"},{"taxonomy":"post_tag","embeddable":true,"href":"https:\/\/eks-maintal.de\/cms\/wp-json\/wp\/v2\/tags?post=4655"}],"curies":[{"name":"wp","href":"https:\/\/api.w.org\/{rel}","templated":true}]}}