{"id":4800,"date":"2022-03-15T18:54:27","date_gmt":"2022-03-15T16:54:27","guid":{"rendered":"https:\/\/eks-maintal.de\/cms\/?p=4800"},"modified":"2022-03-15T19:00:34","modified_gmt":"2022-03-15T17:00:34","slug":"hand-in-hand-fuer-den-frieden","status":"publish","type":"post","link":"https:\/\/eks-maintal.de\/cms\/hand-in-hand-fuer-den-frieden\/","title":{"rendered":"Hand in Hand f\u00fcr den Frieden!"},"content":{"rendered":"<p class=\"has-text-align-center\"><strong>\u201eEs gibt nichts Gutes, au\u00dfer man tut es\u201c (Erich K\u00e4stner):<\/strong><\/p>\n\n\n\n<p class=\"has-text-align-center\"><strong>Hand in Hand \u201ehandeln\u201c f\u00fcr den Frieden<\/strong><\/p>\n\n\n\n<p>Die Sch\u00fclerinnen und Sch\u00fcler der Erich K\u00e4stner-Schule folgen dem Motto ihres Namensgebers Erich K\u00e4stner und setzen angesichts des Krieges in der Ukraine ein eindrucksvolles Zeichen der Solidarit\u00e4t.<\/p>\n\n\n\n<p class=\"has-text-align-left\">Mit gro\u00dfer Betroffenheit verfolgen die Sch\u00fclerinnen und Sch\u00fcler der Erich K\u00e4stner-Gesamtschule in Maintal die Nachrichten \u00fcber den Ukraine- Krieg. Im Schulalltag werden die \u00c4ngste, Sorgen und Fragen der Kinder und Jugendlichen wie \u201eKann das auch bei uns passieren?\u201c wahrgenommen und im Sinne einer historisch-politischen Bildung und freiheitlichen und demokratischen Schulerziehung Raum gegeben und begleitet. Sch\u00fclerinnen und Sch\u00fcler bekunden nun ihre Solidarit\u00e4t mit der Ukraine auch durch eine k\u00fcnstlerische Aktion:<\/p>\n\n\n\n<p>Unter der Anleitung der Kunstlehrerin Frau Martina Herold gestalteten alle Sch\u00fclerinnen und Sch\u00fcler zusammen mit ihren Lehrkr\u00e4ften ihren pers\u00f6nlichen Handabdruck auf Papier, schnitten diesen aus und formten mit \u00fcber 400 Handabdr\u00fccken eines jeden Teilnehmers der Schulgemeinde eine 2m x 3m gro\u00dfe Friedenstaube.<\/p>\n\n\n\n<p>Das ebenso gro\u00dfartige wie kreative Gesamtkunstwerk h\u00e4ngt im Eingangsbereich der Schule und unterstreicht als gro\u00dfartiges Friedenszeichen das klare Nein gegen den Krieg in der Ukraine.<\/p>\n\n\n\n<p>Die Schulleiterin Frau B\u00e4rbel Nocke-Olliger dankt der Schulgemeinschaft und besonders Frau Martina Herold und den Sch\u00fclerinnen und Sch\u00fclern f\u00fcr ihre gezeigte Anteilnahme und Solidarit\u00e4t.<\/p>\n\n\n\n<p>Canan T\u00fclekoglu<\/p>","protected":false},"excerpt":{"rendered":"<p>\u201eEs gibt nichts Gutes, au\u00dfer man tut es\u201c (Erich K\u00e4stner): Hand in Hand \u201ehandeln\u201c f\u00fcr den Frieden Die Sch\u00fclerinnen und Sch\u00fcler der Erich K\u00e4stner-Schule folgen dem Motto ihres Namensgebers Erich K\u00e4stner und setzen angesichts des Krieges in der Ukraine ein eindrucksvolles Zeichen der Solidarit\u00e4t. Mit gro\u00dfer Betroffenheit verfolgen die Sch\u00fclerinnen und Sch\u00fcler der Erich K\u00e4stner-Gesamtschule [&hellip;]<\/p>\n","protected":false},"author":2,"featured_media":4796,"comment_status":"closed","ping_status":"closed","sticky":false,"template":"","format":"standard","meta":{"footnotes":""},"categories":[1],"tags":[],"class_list":["post-4800","post","type-post","status-publish","format-standard","has-post-thumbnail","hentry","category-allgemein"],"rttpg_featured_image_url":{"full":["https:\/\/eks-maintal.de\/cms\/wp-content\/uploads\/2022\/03\/Friedenstaube-scaled.jpg",2050,2560,false],"landscape":["https:\/\/eks-maintal.de\/cms\/wp-content\/uploads\/2022\/03\/Friedenstaube-scaled.jpg",2050,2560,false],"portraits":["https:\/\/eks-maintal.de\/cms\/wp-content\/uploads\/2022\/03\/Friedenstaube-scaled.jpg",2050,2560,false],"thumbnail":["https:\/\/eks-maintal.de\/cms\/wp-content\/uploads\/2022\/03\/Friedenstaube-120x150.jpg",120,150,true],"medium":["https:\/\/eks-maintal.de\/cms\/wp-content\/uploads\/2022\/03\/Friedenstaube-240x300.jpg",240,300,true],"large":["https:\/\/eks-maintal.de\/cms\/wp-content\/uploads\/2022\/03\/Friedenstaube-820x1024.jpg",620,774,true],"1536x1536":["https:\/\/eks-maintal.de\/cms\/wp-content\/uploads\/2022\/03\/Friedenstaube-1230x1536.jpg",1230,1536,true],"2048x2048":["https:\/\/eks-maintal.de\/cms\/wp-content\/uploads\/2022\/03\/Friedenstaube-1640x2048.jpg",1640,2048,true]},"rttpg_author":{"display_name":"admin","author_link":"https:\/\/eks-maintal.de\/cms\/author\/b-jovanovic\/"},"rttpg_comment":0,"rttpg_category":"<a href=\"https:\/\/eks-maintal.de\/cms\/category\/allgemein\/\" rel=\"category tag\">Allgemein<\/a>","rttpg_excerpt":"\u201eEs gibt nichts Gutes, au\u00dfer man tut es\u201c (Erich K\u00e4stner): Hand in Hand \u201ehandeln\u201c f\u00fcr den Frieden Die Sch\u00fclerinnen und Sch\u00fcler der Erich K\u00e4stner-Schule folgen dem Motto ihres Namensgebers Erich K\u00e4stner und setzen angesichts des Krieges in der Ukraine ein eindrucksvolles Zeichen der Solidarit\u00e4t. Mit gro\u00dfer Betroffenheit verfolgen die Sch\u00fclerinnen und Sch\u00fcler der Erich K\u00e4stner-Gesamtschule&hellip;","_links":{"self":[{"href":"https:\/\/eks-maintal.de\/cms\/wp-json\/wp\/v2\/posts\/4800","targetHints":{"allow":["GET"]}}],"collection":[{"href":"https:\/\/eks-maintal.de\/cms\/wp-json\/wp\/v2\/posts"}],"about":[{"href":"https:\/\/eks-maintal.de\/cms\/wp-json\/wp\/v2\/types\/post"}],"author":[{"embeddable":true,"href":"https:\/\/eks-maintal.de\/cms\/wp-json\/wp\/v2\/users\/2"}],"replies":[{"embeddable":true,"href":"https:\/\/eks-maintal.de\/cms\/wp-json\/wp\/v2\/comments?post=4800"}],"version-history":[{"count":2,"href":"https:\/\/eks-maintal.de\/cms\/wp-json\/wp\/v2\/posts\/4800\/revisions"}],"predecessor-version":[{"id":4803,"href":"https:\/\/eks-maintal.de\/cms\/wp-json\/wp\/v2\/posts\/4800\/revisions\/4803"}],"wp:featuredmedia":[{"embeddable":true,"href":"https:\/\/eks-maintal.de\/cms\/wp-json\/wp\/v2\/media\/4796"}],"wp:attachment":[{"href":"https:\/\/eks-maintal.de\/cms\/wp-json\/wp\/v2\/media?parent=4800"}],"wp:term":[{"taxonomy":"category","embeddable":true,"href":"https:\/\/eks-maintal.de\/cms\/wp-json\/wp\/v2\/categories?post=4800"},{"taxonomy":"post_tag","embeddable":true,"href":"https:\/\/eks-maintal.de\/cms\/wp-json\/wp\/v2\/tags?post=4800"}],"curies":[{"name":"wp","href":"https:\/\/api.w.org\/{rel}","templated":true}]}}