{"id":552,"date":"2025-08-21T18:38:59","date_gmt":"2025-08-21T16:38:59","guid":{"rendered":"https:\/\/eks-maintal.de\/home\/?p=552"},"modified":"2025-08-21T18:39:00","modified_gmt":"2025-08-21T16:39:00","slug":"einschulung-an-der-erich-kaestner-schule-in-maintal-vielfalt-als-staerke","status":"publish","type":"post","link":"https:\/\/eks-maintal.de\/home\/2025\/08\/21\/einschulung-an-der-erich-kaestner-schule-in-maintal-vielfalt-als-staerke\/","title":{"rendered":"Einschulung an der Erich K\u00e4stner-Schule in Maintal: Vielfalt als St\u00e4rke"},"content":{"rendered":"\n<p>Ein feierlicher Tag f\u00fcr 90 frisch eingeschulte Kinder an der Erich K\u00e4stner-Schule: Heute wurden die neuen F\u00fcnftkl\u00e4ssler in einer herzlichen Zeremonie willkommen gehei\u00dfen. Die vier Klassen werden von den engagierten Lehrerinnen Frau Hastermann, Frau Berg, Frau J\u00e4ger und Frau Gei\u00dfler geleitet, die sich bereits auf die gemeinsame Zeit mit ihren Sch\u00fctzlingen freuen.<\/p>\n\n\n\n<p>In ihrer Er\u00f6ffnungsrede betonte die Schulleiterin Stefanie Thor die Bedeutung der Vielfalt innerhalb der Schulgemeinschaft. \u201eJedes Kind bringt seine eigene Geschichte, seine eigenen Talente und Perspektiven mit. Diese Verschiedenheit ist unser gr\u00f6\u00dfter Reichtum und bereichert das Lernen und Miteinander an unserer Schule\u201c, erkl\u00e4rte Thor. Sie ermutigte die Sch\u00fclerinnen und Sch\u00fcler, offen f\u00fcr Neues zu sein und voneinander zu lernen.<\/p>\n\n\n\n<p>Das Event wurde zus\u00e4tzlich durch ein liebevoll gestaltetes Buffet des Schulelternbeirates bereichert, dessen Erl\u00f6s dem F\u00f6rderverein der Schule zugutekommt. Die Unterst\u00fctzung der Eltern und Helfer war \u00fcberw\u00e4ltigend und trug ma\u00dfgeblich zum Gelingen des Tages bei.<\/p>\n\n\n\n<p>Ein musikalisches Highlight setzte der talentierte Sch\u00fcler Max, der mit seinem Klavierspiel die G\u00e4ste begeisterte und die feierliche Stimmung perfekt untermalte.<\/p>\n\n\n\n<p>Die Erich K\u00e4stner-Schule blickt optimistisch in die Zukunft und freut sich auf ein spannendes Schuljahr, das nicht nur neuen Unterricht, sondern auch innovative Projekte&nbsp; wie beispielsweise in der Talentwerkstatt und im Medienbildungsunterricht umfasst.<\/p>\n\n\n\n<p>Ein herzlicher Dank gilt der kommissarischen Koordinatorin Frau Julia Gr\u00fcnberg und allen Helferinnen und Helfern, die diesen besonderen Tag erm\u00f6glicht haben. Gemeinsam wird die Schulgemeinschaft die neuen Herausforderungen meistern und eine inspirierende Lernumgebung schaffen.<\/p>\n\n\n\n<figure class=\"wp-block-gallery has-nested-images columns-default is-cropped wp-block-gallery-1 is-layout-flex wp-block-gallery-is-layout-flex\">\n<figure class=\"wp-block-image size-large\"><img fetchpriority=\"high\" decoding=\"async\" width=\"1024\" height=\"575\" data-id=\"550\" src=\"https:\/\/eks-maintal.de\/home\/wp-content\/uploads\/2025\/08\/Schulleiterin-Stefanie-Thor-1024x575.jpg\" alt=\"\" class=\"wp-image-550\" srcset=\"https:\/\/eks-maintal.de\/home\/wp-content\/uploads\/2025\/08\/Schulleiterin-Stefanie-Thor-1024x575.jpg 1024w, https:\/\/eks-maintal.de\/home\/wp-content\/uploads\/2025\/08\/Schulleiterin-Stefanie-Thor-300x169.jpg 300w, https:\/\/eks-maintal.de\/home\/wp-content\/uploads\/2025\/08\/Schulleiterin-Stefanie-Thor-768x432.jpg 768w, https:\/\/eks-maintal.de\/home\/wp-content\/uploads\/2025\/08\/Schulleiterin-Stefanie-Thor-1536x863.jpg 1536w, https:\/\/eks-maintal.de\/home\/wp-content\/uploads\/2025\/08\/Schulleiterin-Stefanie-Thor-2048x1151.jpg 2048w\" sizes=\"(max-width: 1024px) 100vw, 1024px\" \/><\/figure>\n\n\n\n<figure class=\"wp-block-image size-large\"><img decoding=\"async\" width=\"1024\" height=\"683\" data-id=\"551\" src=\"https:\/\/eks-maintal.de\/home\/wp-content\/uploads\/2025\/08\/Beim-Suchen-des-eigenen-Namens-1024x683.jpg\" alt=\"\" class=\"wp-image-551\" srcset=\"https:\/\/eks-maintal.de\/home\/wp-content\/uploads\/2025\/08\/Beim-Suchen-des-eigenen-Namens-1024x683.jpg 1024w, https:\/\/eks-maintal.de\/home\/wp-content\/uploads\/2025\/08\/Beim-Suchen-des-eigenen-Namens-300x200.jpg 300w, https:\/\/eks-maintal.de\/home\/wp-content\/uploads\/2025\/08\/Beim-Suchen-des-eigenen-Namens-768x512.jpg 768w, https:\/\/eks-maintal.de\/home\/wp-content\/uploads\/2025\/08\/Beim-Suchen-des-eigenen-Namens-1536x1024.jpg 1536w, https:\/\/eks-maintal.de\/home\/wp-content\/uploads\/2025\/08\/Beim-Suchen-des-eigenen-Namens-2048x1365.jpg 2048w\" sizes=\"(max-width: 1024px) 100vw, 1024px\" \/><\/figure>\n\n\n\n<figure class=\"wp-block-image size-large\"><img decoding=\"async\" width=\"1024\" height=\"683\" data-id=\"549\" src=\"https:\/\/eks-maintal.de\/home\/wp-content\/uploads\/2025\/08\/Komm.-Koordinatorin-5_6-Julia-Gruenberg-1024x683.jpg\" alt=\"\" class=\"wp-image-549\" srcset=\"https:\/\/eks-maintal.de\/home\/wp-content\/uploads\/2025\/08\/Komm.-Koordinatorin-5_6-Julia-Gruenberg-1024x683.jpg 1024w, https:\/\/eks-maintal.de\/home\/wp-content\/uploads\/2025\/08\/Komm.-Koordinatorin-5_6-Julia-Gruenberg-300x200.jpg 300w, https:\/\/eks-maintal.de\/home\/wp-content\/uploads\/2025\/08\/Komm.-Koordinatorin-5_6-Julia-Gruenberg-768x512.jpg 768w, https:\/\/eks-maintal.de\/home\/wp-content\/uploads\/2025\/08\/Komm.-Koordinatorin-5_6-Julia-Gruenberg-1536x1024.jpg 1536w, https:\/\/eks-maintal.de\/home\/wp-content\/uploads\/2025\/08\/Komm.-Koordinatorin-5_6-Julia-Gruenberg-2048x1365.jpg 2048w\" sizes=\"(max-width: 1024px) 100vw, 1024px\" \/><\/figure>\n\n\n\n<figure class=\"wp-block-image size-large\"><img loading=\"lazy\" decoding=\"async\" width=\"1024\" height=\"575\" data-id=\"548\" src=\"https:\/\/eks-maintal.de\/home\/wp-content\/uploads\/2025\/08\/Einschulung-1024x575.jpg\" alt=\"\" class=\"wp-image-548\" srcset=\"https:\/\/eks-maintal.de\/home\/wp-content\/uploads\/2025\/08\/Einschulung-1024x575.jpg 1024w, https:\/\/eks-maintal.de\/home\/wp-content\/uploads\/2025\/08\/Einschulung-300x169.jpg 300w, https:\/\/eks-maintal.de\/home\/wp-content\/uploads\/2025\/08\/Einschulung-768x432.jpg 768w, https:\/\/eks-maintal.de\/home\/wp-content\/uploads\/2025\/08\/Einschulung-1536x863.jpg 1536w, https:\/\/eks-maintal.de\/home\/wp-content\/uploads\/2025\/08\/Einschulung-2048x1151.jpg 2048w\" sizes=\"(max-width: 1024px) 100vw, 1024px\" \/><\/figure>\n<\/figure>\n","protected":false},"excerpt":{"rendered":"<p>Ein feierlicher Tag f\u00fcr 90 frisch eingeschulte Kinder an der Erich K\u00e4stner-Schule: Heute wurden die neuen F\u00fcnftkl\u00e4ssler in einer herzlichen Zeremonie willkommen gehei\u00dfen. Die vier Klassen werden von den engagierten Lehrerinnen Frau Hastermann, Frau Berg, Frau J\u00e4ger und Frau Gei\u00dfler geleitet, die sich bereits auf die gemeinsame Zeit mit ihren Sch\u00fctzlingen freuen. In ihrer Er\u00f6ffnungsrede [&hellip;]<\/p>\n","protected":false},"author":1,"featured_media":0,"comment_status":"open","ping_status":"open","sticky":false,"template":"","format":"standard","meta":{"footnotes":""},"categories":[1],"tags":[],"class_list":["post-552","post","type-post","status-publish","format-standard","hentry","category-allgemein"],"_links":{"self":[{"href":"https:\/\/eks-maintal.de\/home\/wp-json\/wp\/v2\/posts\/552","targetHints":{"allow":["GET"]}}],"collection":[{"href":"https:\/\/eks-maintal.de\/home\/wp-json\/wp\/v2\/posts"}],"about":[{"href":"https:\/\/eks-maintal.de\/home\/wp-json\/wp\/v2\/types\/post"}],"author":[{"embeddable":true,"href":"https:\/\/eks-maintal.de\/home\/wp-json\/wp\/v2\/users\/1"}],"replies":[{"embeddable":true,"href":"https:\/\/eks-maintal.de\/home\/wp-json\/wp\/v2\/comments?post=552"}],"version-history":[{"count":1,"href":"https:\/\/eks-maintal.de\/home\/wp-json\/wp\/v2\/posts\/552\/revisions"}],"predecessor-version":[{"id":553,"href":"https:\/\/eks-maintal.de\/home\/wp-json\/wp\/v2\/posts\/552\/revisions\/553"}],"wp:attachment":[{"href":"https:\/\/eks-maintal.de\/home\/wp-json\/wp\/v2\/media?parent=552"}],"wp:term":[{"taxonomy":"category","embeddable":true,"href":"https:\/\/eks-maintal.de\/home\/wp-json\/wp\/v2\/categories?post=552"},{"taxonomy":"post_tag","embeddable":true,"href":"https:\/\/eks-maintal.de\/home\/wp-json\/wp\/v2\/tags?post=552"}],"curies":[{"name":"wp","href":"https:\/\/api.w.org\/{rel}","templated":true}]}}