{"id":600,"date":"2025-09-15T13:25:30","date_gmt":"2025-09-15T11:25:30","guid":{"rendered":"https:\/\/eks-maintal.de\/home\/?p=600"},"modified":"2025-09-24T11:07:35","modified_gmt":"2025-09-24T09:07:35","slug":"schuelerinnen-und-schueler-der-erich-kaestner-schule-drehen-reels-fuer-den-tag-der-offenen-tuer","status":"publish","type":"post","link":"https:\/\/eks-maintal.de\/home\/2025\/09\/15\/schuelerinnen-und-schueler-der-erich-kaestner-schule-drehen-reels-fuer-den-tag-der-offenen-tuer\/","title":{"rendered":"Sch\u00fclerinnen und Sch\u00fcler der Erich K\u00e4stner-Schule drehen Reels f\u00fcr den Tag der offenen T\u00fcr"},"content":{"rendered":"\n<p>Unter der Leitung von Frau Meryem Yesilova haben engagierte Sch\u00fclerinnen und Sch\u00fcler aus allen Jahrgangsstufen der Erich K\u00e4stner-Schule ein spannendes Medienprojekt umgesetzt. Ziel war es, kreative Reels f\u00fcr den offiziellen Instagram-Schulkanal zu produzieren, die den Tag der offenen T\u00fcr am 22. November 2025 (11:00 bis 14:00 Uhr) bewerben sollen.<\/p>\n\n\n\n<p>Schon beim Vortreffen zeigte sich die gro\u00dfe Motivation der Teilnehmenden: Gemeinsam wurden Ideen gesammelt, Konzepte entwickelt und erste Szenen geplant. In einer Doppelstunde setzten die Sch\u00fclerinnen und Sch\u00fcler ihre \u00dcberlegungen in die Praxis um. Mit viel Kreativit\u00e4t, Teamarbeit und Freude entstanden mehrere kurze Videoclips, die Einblicke in das Schulleben geben und Lust machen, die Erich K\u00e4stner-Schule am Tag der offenen T\u00fcr pers\u00f6nlich kennenzulernen.<\/p>\n\n\n\n<p>Neben der Produktion der Reels stand auch der p\u00e4dagogische Gedanke im Vordergrund: Die Sch\u00fclerinnen und Sch\u00fcler erweiterten ihre Medienkompetenz, erprobten den Umgang mit Kamera, Regie und Schnitt und sammelten erste Erfahrungen in der Gestaltung von Social-Media-Inhalten.<\/p>\n\n\n\n<p>Das Projekt verdeutlicht, wie modern und praxisnah Lernen an der Erich K\u00e4stner-Schule gestaltet wird. Die fertigen Reels werden in den kommenden Wochen auf dem offiziellen Schulkanal ver\u00f6ffentlicht und sind zugleich ein Beleg f\u00fcr das kreative Engagement der Sch\u00fclerschaft.<\/p>\n\n\n\n<figure class=\"wp-block-image size-large\"><img fetchpriority=\"high\" decoding=\"async\" width=\"1024\" height=\"799\" src=\"https:\/\/eks-maintal.de\/home\/wp-content\/uploads\/2025\/09\/Reeldrehen-1024x799.jpeg\" alt=\"\" class=\"wp-image-599\" srcset=\"https:\/\/eks-maintal.de\/home\/wp-content\/uploads\/2025\/09\/Reeldrehen-1024x799.jpeg 1024w, https:\/\/eks-maintal.de\/home\/wp-content\/uploads\/2025\/09\/Reeldrehen-300x234.jpeg 300w, https:\/\/eks-maintal.de\/home\/wp-content\/uploads\/2025\/09\/Reeldrehen-768x599.jpeg 768w, https:\/\/eks-maintal.de\/home\/wp-content\/uploads\/2025\/09\/Reeldrehen-1536x1199.jpeg 1536w, https:\/\/eks-maintal.de\/home\/wp-content\/uploads\/2025\/09\/Reeldrehen-2048x1598.jpeg 2048w\" sizes=\"(max-width: 1024px) 100vw, 1024px\" \/><\/figure>\n","protected":false},"excerpt":{"rendered":"<p>Unter der Leitung von Frau Meryem Yesilova haben engagierte Sch\u00fclerinnen und Sch\u00fcler aus allen Jahrgangsstufen der Erich K\u00e4stner-Schule ein spannendes Medienprojekt umgesetzt. Ziel war es, kreative Reels f\u00fcr den offiziellen Instagram-Schulkanal zu produzieren, die den Tag der offenen T\u00fcr am 22. November 2025 (11:00 bis 14:00 Uhr) bewerben sollen. Schon beim Vortreffen zeigte sich die [&hellip;]<\/p>\n","protected":false},"author":1,"featured_media":599,"comment_status":"open","ping_status":"open","sticky":false,"template":"","format":"standard","meta":{"footnotes":""},"categories":[1],"tags":[],"class_list":["post-600","post","type-post","status-publish","format-standard","has-post-thumbnail","hentry","category-allgemein"],"_links":{"self":[{"href":"https:\/\/eks-maintal.de\/home\/wp-json\/wp\/v2\/posts\/600","targetHints":{"allow":["GET"]}}],"collection":[{"href":"https:\/\/eks-maintal.de\/home\/wp-json\/wp\/v2\/posts"}],"about":[{"href":"https:\/\/eks-maintal.de\/home\/wp-json\/wp\/v2\/types\/post"}],"author":[{"embeddable":true,"href":"https:\/\/eks-maintal.de\/home\/wp-json\/wp\/v2\/users\/1"}],"replies":[{"embeddable":true,"href":"https:\/\/eks-maintal.de\/home\/wp-json\/wp\/v2\/comments?post=600"}],"version-history":[{"count":2,"href":"https:\/\/eks-maintal.de\/home\/wp-json\/wp\/v2\/posts\/600\/revisions"}],"predecessor-version":[{"id":607,"href":"https:\/\/eks-maintal.de\/home\/wp-json\/wp\/v2\/posts\/600\/revisions\/607"}],"wp:featuredmedia":[{"embeddable":true,"href":"https:\/\/eks-maintal.de\/home\/wp-json\/wp\/v2\/media\/599"}],"wp:attachment":[{"href":"https:\/\/eks-maintal.de\/home\/wp-json\/wp\/v2\/media?parent=600"}],"wp:term":[{"taxonomy":"category","embeddable":true,"href":"https:\/\/eks-maintal.de\/home\/wp-json\/wp\/v2\/categories?post=600"},{"taxonomy":"post_tag","embeddable":true,"href":"https:\/\/eks-maintal.de\/home\/wp-json\/wp\/v2\/tags?post=600"}],"curies":[{"name":"wp","href":"https:\/\/api.w.org\/{rel}","templated":true}]}}