{"id":608,"date":"2025-09-24T11:10:50","date_gmt":"2025-09-24T09:10:50","guid":{"rendered":"https:\/\/eks-maintal.de\/home\/?p=608"},"modified":"2025-09-24T11:12:45","modified_gmt":"2025-09-24T09:12:45","slug":"schuelerinnen-und-schueler-gestalten-video-fuer-demokratie-wettbewerb","status":"publish","type":"post","link":"https:\/\/eks-maintal.de\/home\/2025\/09\/24\/schuelerinnen-und-schueler-gestalten-video-fuer-demokratie-wettbewerb\/","title":{"rendered":"Sch\u00fclerinnen und Sch\u00fcler gestalten Video f\u00fcr Demokratie-Wettbewerb"},"content":{"rendered":"\n<p>Interessierte Sch\u00fclerinnen und Sch\u00fcler der Jahrgangsstufen 8 und 9 der&nbsp;<strong>Erich K\u00e4stner-Schule<\/strong> <strong>Maintal <\/strong>haben freiwillig am&nbsp;<strong>Sch\u00fclerwettbewerb des Hessischen Kultusministeriums<\/strong>&nbsp;unter dem Motto&nbsp;<strong>\u201eInfluencerinnen und Influencer f\u00fcr unsere Demokratie gesucht\u201c<\/strong>&nbsp;teilgenommen. Das Projekt wurde geleitet von&nbsp;<strong>den Lehrerinnen Katrin Schumann<\/strong>&nbsp;und&nbsp;<strong>Meryem Yesilova<\/strong>, unterst\u00fctzt durch die UBUS-Fachkraft&nbsp;<strong>Florian Biegel<\/strong>&nbsp;an der Kamera.<\/p>\n\n\n\n<p>Die Jugendlichen produzierten ein eigenes Video, in dem sie sich kreativ mit demokratischen Werten auseinandersetzen und zeigen, wie junge Menschen Verantwortung \u00fcbernehmen und gesellschaftliche Themen ansprechen k\u00f6nnen. Das fertige Video ist ein beeindruckendes Beispiel daf\u00fcr, wie Demokratie in der Schule aktiv erlebt werden kann.<\/p>\n\n\n\n<p><strong>Katrin Schumann<\/strong>&nbsp;betont: \u201eEs ist gro\u00dfartig zu sehen, wie motiviert die Sch\u00fclerinnen und Sch\u00fcler bei diesem Projekt mitarbeiten. Sie entwickeln nicht nur ein Bewusstsein f\u00fcr demokratische Werte, sondern lernen auch, ihre Ideen medienwirksam umzusetzen.\u201c<\/p>\n\n\n\n<p><strong>Meryem Yesilova<\/strong>&nbsp;erg\u00e4nzt: \u201eDie kreative Umsetzung im Video zeigt, dass junge Menschen sehr wohl verstehen, wie wichtig Mitbestimmung und Engagement f\u00fcr unsere Gesellschaft sind. Es macht mich stolz, wie selbstst\u00e4ndig und verantwortungsbewusst sie das Projekt umgesetzt haben.\u201c<\/p>\n\n\n\n<p>Mit Projekten wie diesem wird nicht nur das&nbsp;<strong>politische Bewusstsein<\/strong>&nbsp;gest\u00e4rkt, sondern auch die&nbsp;<strong>Medienkompetenz<\/strong>&nbsp;gef\u00f6rdert, da die Sch\u00fclerinnen und Sch\u00fcler lernen, Inhalte professionell zu gestalten und zu pr\u00e4sentieren. Das Engagement der Jugendlichen zeigt, dass Demokratie und Mitbestimmung bereits in jungen Jahren eine wichtige Rolle spielen k\u00f6nnen.<\/p>\n\n\n\n<p>Die Erich K\u00e4stner-Schule ist stolz auf das Engagement ihrer Sch\u00fclerinnen und Sch\u00fcler und hofft, dass weitere Projekte dieser Art folgen werden, um das demokratische Engagement der jungen Generation weiter zu f\u00f6rdern.<\/p>\n\n\n\n<figure class=\"wp-block-image size-large\"><img fetchpriority=\"high\" decoding=\"async\" width=\"1024\" height=\"611\" src=\"https:\/\/eks-maintal.de\/home\/wp-content\/uploads\/2025\/09\/Demokratie-Projekt-1024x611.jpg\" alt=\"\" class=\"wp-image-609\" srcset=\"https:\/\/eks-maintal.de\/home\/wp-content\/uploads\/2025\/09\/Demokratie-Projekt-1024x611.jpg 1024w, https:\/\/eks-maintal.de\/home\/wp-content\/uploads\/2025\/09\/Demokratie-Projekt-300x179.jpg 300w, https:\/\/eks-maintal.de\/home\/wp-content\/uploads\/2025\/09\/Demokratie-Projekt-768x458.jpg 768w, https:\/\/eks-maintal.de\/home\/wp-content\/uploads\/2025\/09\/Demokratie-Projekt-1536x916.jpg 1536w, https:\/\/eks-maintal.de\/home\/wp-content\/uploads\/2025\/09\/Demokratie-Projekt-2048x1222.jpg 2048w\" sizes=\"(max-width: 1024px) 100vw, 1024px\" \/><\/figure>\n","protected":false},"excerpt":{"rendered":"<p>Interessierte Sch\u00fclerinnen und Sch\u00fcler der Jahrgangsstufen 8 und 9 der&nbsp;Erich K\u00e4stner-Schule Maintal haben freiwillig am&nbsp;Sch\u00fclerwettbewerb des Hessischen Kultusministeriums&nbsp;unter dem Motto&nbsp;\u201eInfluencerinnen und Influencer f\u00fcr unsere Demokratie gesucht\u201c&nbsp;teilgenommen. Das Projekt wurde geleitet von&nbsp;den Lehrerinnen Katrin Schumann&nbsp;und&nbsp;Meryem Yesilova, unterst\u00fctzt durch die UBUS-Fachkraft&nbsp;Florian Biegel&nbsp;an der Kamera. Die Jugendlichen produzierten ein eigenes Video, in dem sie sich kreativ mit demokratischen [&hellip;]<\/p>\n","protected":false},"author":1,"featured_media":609,"comment_status":"open","ping_status":"open","sticky":false,"template":"","format":"standard","meta":{"footnotes":""},"categories":[1],"tags":[],"class_list":["post-608","post","type-post","status-publish","format-standard","has-post-thumbnail","hentry","category-allgemein"],"_links":{"self":[{"href":"https:\/\/eks-maintal.de\/home\/wp-json\/wp\/v2\/posts\/608","targetHints":{"allow":["GET"]}}],"collection":[{"href":"https:\/\/eks-maintal.de\/home\/wp-json\/wp\/v2\/posts"}],"about":[{"href":"https:\/\/eks-maintal.de\/home\/wp-json\/wp\/v2\/types\/post"}],"author":[{"embeddable":true,"href":"https:\/\/eks-maintal.de\/home\/wp-json\/wp\/v2\/users\/1"}],"replies":[{"embeddable":true,"href":"https:\/\/eks-maintal.de\/home\/wp-json\/wp\/v2\/comments?post=608"}],"version-history":[{"count":2,"href":"https:\/\/eks-maintal.de\/home\/wp-json\/wp\/v2\/posts\/608\/revisions"}],"predecessor-version":[{"id":611,"href":"https:\/\/eks-maintal.de\/home\/wp-json\/wp\/v2\/posts\/608\/revisions\/611"}],"wp:featuredmedia":[{"embeddable":true,"href":"https:\/\/eks-maintal.de\/home\/wp-json\/wp\/v2\/media\/609"}],"wp:attachment":[{"href":"https:\/\/eks-maintal.de\/home\/wp-json\/wp\/v2\/media?parent=608"}],"wp:term":[{"taxonomy":"category","embeddable":true,"href":"https:\/\/eks-maintal.de\/home\/wp-json\/wp\/v2\/categories?post=608"},{"taxonomy":"post_tag","embeddable":true,"href":"https:\/\/eks-maintal.de\/home\/wp-json\/wp\/v2\/tags?post=608"}],"curies":[{"name":"wp","href":"https:\/\/api.w.org\/{rel}","templated":true}]}}