{"id":612,"date":"2025-09-26T12:14:18","date_gmt":"2025-09-26T10:14:18","guid":{"rendered":"https:\/\/eks-maintal.de\/home\/?p=612"},"modified":"2025-09-26T12:20:54","modified_gmt":"2025-09-26T10:20:54","slug":"spanischkurse-der-erich-kaestner-schule-mitten-im-bunten-treiben-barcelonas","status":"publish","type":"post","link":"https:\/\/eks-maintal.de\/home\/2025\/09\/26\/spanischkurse-der-erich-kaestner-schule-mitten-im-bunten-treiben-barcelonas\/","title":{"rendered":"Spanischkurse der Erich K\u00e4stner-Schule mitten im bunten Treiben Barcelonas"},"content":{"rendered":"\n<p>Die Spanischkurse der Erich K\u00e4stner-Schule sind aktuell unterwegs in Barcelona \u2013 begleitet von den Lehrkr\u00e4ften Frau \u00d6zlem Duran, Frau Martinez de la Cruz und Herrn Roman Ayobi. Die Reise ist weit mehr als nur eine Studienfahrt: Sie verbindet Sprache, Kultur und unvergessliche Eindr\u00fccke zu einem lebendigen Lernerlebnis.<\/p>\n\n\n\n<p>Schon am ersten Tag empfing die Stadt die Sch\u00fclerinnen und Sch\u00fcler mit Sonne, Meer und einer Architektur, die auf Schritt und Tritt zum Staunen einl\u00e4dt. Ein echtes Highlight war der Besuch der weltber\u00fchmten Sagrada Fam\u00edlia, Antoni Gaud\u00eds noch unvollendetes Meisterwerk. Mit ihren filigranen T\u00fcrmen und detailreichen Fassaden steht sie nicht nur als Wahrzeichen Barcelonas, sondern auch als Symbol f\u00fcr Kreativit\u00e4t und Durchhalteverm\u00f6gen. Ebenso beeindruckend: die Casa Batll\u00f3, ein buntes, fantasievolles Wohnhaus, das die Jugendlichen wie ein M\u00e4rchen aus Stein und Glas erlebten.<\/p>\n\n\n\n<p>Nat\u00fcrlich kam auch das gemeinsame Erleben nicht zu kurz: Ob beim Probieren von Wasser aus dem ber\u00fchmten Brunnen, beim Schlendern durch die Stra\u00dfen oder beim gemeinsamen Abendessen \u2013 Barcelona zeigte, dass Lernen weit \u00fcber den Klassenraum hinausgeht.<\/p>\n\n\n\n<p>\u201eEs ist sch\u00f6n zu sehen, wie unsere Sch\u00fclerinnen und Sch\u00fcler Sprache und Kultur in einem so inspirierenden Umfeld hautnah erleben k\u00f6nnen. Solche Reisen pr\u00e4gen weit \u00fcber die Schulzeit hinaus\u201c, betont Schulleiterin Frau Stefanie Thor.<\/p>\n\n\n\n<p>Mit Sonne, guter Laune und viel Neugier starteten die Spanischkurse in ihre Reise \u2013 und die kommenden Tage versprechen noch viele weitere Erlebnisse, die den Unterricht lebendig machen.<\/p>\n\n\n\n<figure class=\"wp-block-image size-large\"><img fetchpriority=\"high\" decoding=\"async\" width=\"1024\" height=\"768\" src=\"https:\/\/eks-maintal.de\/home\/wp-content\/uploads\/2025\/09\/Barcelonafahrt-1024x768.jpg\" alt=\"\" class=\"wp-image-617\" srcset=\"https:\/\/eks-maintal.de\/home\/wp-content\/uploads\/2025\/09\/Barcelonafahrt-1024x768.jpg 1024w, https:\/\/eks-maintal.de\/home\/wp-content\/uploads\/2025\/09\/Barcelonafahrt-300x225.jpg 300w, https:\/\/eks-maintal.de\/home\/wp-content\/uploads\/2025\/09\/Barcelonafahrt-768x576.jpg 768w, https:\/\/eks-maintal.de\/home\/wp-content\/uploads\/2025\/09\/Barcelonafahrt-1536x1152.jpg 1536w, https:\/\/eks-maintal.de\/home\/wp-content\/uploads\/2025\/09\/Barcelonafahrt.jpg 1600w\" sizes=\"(max-width: 1024px) 100vw, 1024px\" \/><\/figure>\n","protected":false},"excerpt":{"rendered":"<p>Die Spanischkurse der Erich K\u00e4stner-Schule sind aktuell unterwegs in Barcelona \u2013 begleitet von den Lehrkr\u00e4ften Frau \u00d6zlem Duran, Frau Martinez de la Cruz und Herrn Roman Ayobi. Die Reise ist weit mehr als nur eine Studienfahrt: Sie verbindet Sprache, Kultur und unvergessliche Eindr\u00fccke zu einem lebendigen Lernerlebnis. Schon am ersten Tag empfing die Stadt die [&hellip;]<\/p>\n","protected":false},"author":1,"featured_media":617,"comment_status":"open","ping_status":"open","sticky":false,"template":"","format":"standard","meta":{"footnotes":""},"categories":[1],"tags":[],"class_list":["post-612","post","type-post","status-publish","format-standard","has-post-thumbnail","hentry","category-allgemein"],"_links":{"self":[{"href":"https:\/\/eks-maintal.de\/home\/wp-json\/wp\/v2\/posts\/612","targetHints":{"allow":["GET"]}}],"collection":[{"href":"https:\/\/eks-maintal.de\/home\/wp-json\/wp\/v2\/posts"}],"about":[{"href":"https:\/\/eks-maintal.de\/home\/wp-json\/wp\/v2\/types\/post"}],"author":[{"embeddable":true,"href":"https:\/\/eks-maintal.de\/home\/wp-json\/wp\/v2\/users\/1"}],"replies":[{"embeddable":true,"href":"https:\/\/eks-maintal.de\/home\/wp-json\/wp\/v2\/comments?post=612"}],"version-history":[{"count":2,"href":"https:\/\/eks-maintal.de\/home\/wp-json\/wp\/v2\/posts\/612\/revisions"}],"predecessor-version":[{"id":620,"href":"https:\/\/eks-maintal.de\/home\/wp-json\/wp\/v2\/posts\/612\/revisions\/620"}],"wp:featuredmedia":[{"embeddable":true,"href":"https:\/\/eks-maintal.de\/home\/wp-json\/wp\/v2\/media\/617"}],"wp:attachment":[{"href":"https:\/\/eks-maintal.de\/home\/wp-json\/wp\/v2\/media?parent=612"}],"wp:term":[{"taxonomy":"category","embeddable":true,"href":"https:\/\/eks-maintal.de\/home\/wp-json\/wp\/v2\/categories?post=612"},{"taxonomy":"post_tag","embeddable":true,"href":"https:\/\/eks-maintal.de\/home\/wp-json\/wp\/v2\/tags?post=612"}],"curies":[{"name":"wp","href":"https:\/\/api.w.org\/{rel}","templated":true}]}}