{"id":653,"date":"2025-11-10T14:48:43","date_gmt":"2025-11-10T13:48:43","guid":{"rendered":"https:\/\/eks-maintal.de\/home\/?p=653"},"modified":"2025-11-10T14:56:48","modified_gmt":"2025-11-10T13:56:48","slug":"ein-fest-des-miteinanders-erich-kaestner-schule-zeigt-engagement-beim-maintaler-suppenfest","status":"publish","type":"post","link":"https:\/\/eks-maintal.de\/home\/2025\/11\/10\/ein-fest-des-miteinanders-erich-kaestner-schule-zeigt-engagement-beim-maintaler-suppenfest\/","title":{"rendered":"Ein Fest des Miteinanders \u2013 Erich K\u00e4stner-Schule zeigt Engagement beim Maintaler Suppenfest"},"content":{"rendered":"\n<p>Die Erich K\u00e4stner-Schule war in diesem Jahr mit einem eigenen Stand beim 8. Internationalen Maintaler Suppenfest vertreten. Das beliebte Stadtfest wird von der Freiwilligenagentur Maintal Aktiv<strong>&nbsp;<\/strong>gemeinsam mit dem Kinder- und Jugendhaus Bischofsheim ausgerichtet und steht f\u00fcr Begegnung, Austausch und Engagement. Ziel der Veranstaltung ist es, Menschen miteinander ins Gespr\u00e4ch zu bringen, das vielf\u00e4ltige freiwillige Engagement in Maintal vorzustellen und in geselliger Atmosph\u00e4re zu zeigen, wie Gemeinschaft in der Stadt gelebt wird.<\/p>\n\n\n\n<p>Bei einem Teller Suppe pr\u00e4sentierten sich zahlreiche Vereine, Initiativen und Institutionen, die in Maintal Verantwortung \u00fcbernehmen \u2013 so auch die Erich K\u00e4stner-Schule. Unter der Leitung von Schulleiterin Frau Stefanie Thor, der Stufenleiterin f\u00fcr die Jahrg\u00e4nge 7\/8 und Koordinatorin des AlumniClubs, Frau Meryem Yesilova, sowie mit Unterst\u00fctzung von Referendarin Frau Yuliia Soltivska betreuten Schulsprecher Anas El Daoudi und die ehemaligen Sch\u00fcler Adel Stankovic, Benjamin Kiefer, Miguel Ecimovic Frade und Niklas Kraus den Stand der Schule.<\/p>\n\n\n\n<p>Die f\u00fcnf engagierten Jugendlichen, von denen vier im Sommer 2025 ihren Realschulabschluss an der Erich K\u00e4stner-Schule abgelegt haben und nun Teil des AlumniClubs sind, informierten Besucherinnen und Besucher \u00fcber Projekte, Aktionen und das soziale Engagement der Erich K\u00e4stner-Schule. Dabei stand besonders der Gedanke im Mittelpunkt, wie Schule und Stadtgesellschaft gemeinsam Verantwortung \u00fcbernehmen und das Miteinander in Maintal st\u00e4rken k\u00f6nnen.<\/p>\n\n\n\n<p>Schulleiterin Frau Thor zeigte sich erfreut \u00fcber den Einsatz ihres Teams: \u201eDas Suppenfest ist eine wunderbare M\u00f6glichkeit, das vielf\u00e4ltige Engagement in Maintal sichtbar zu machen. Wir sind stolz, dass unsere Sch\u00fclerinnen, Sch\u00fcler und Ehemaligen unsere Schule so engagiert vertreten haben.\u201c<\/p>\n\n\n\n<p>Auch Frau Yesilova betonte die Bedeutung solcher Veranstaltungen: \u201eDas Suppenfest bringt Menschen zusammen und zeigt, wie wichtig Zusammenhalt und gegenseitige Unterst\u00fctzung in unserer Stadt sind.\u201c<\/p>\n\n\n\n<p>Frau Soltivska erg\u00e4nzte: \u201eDie Atmosph\u00e4re war offen und herzlich \u2013 genau das macht das Suppenfest so besonders.\u201c<\/p>\n\n\n\n<p>Mit ihrer Teilnahme setzte die Erich K\u00e4stner-Schule ein Zeichen f\u00fcr Engagement, Gemeinschaft und Miteinander in Maintal \u2013 ganz im Sinne ihres Leitgedankens:&nbsp;\u201eGemeinsam wachsen \u2013 \u00fcber die Schulzeit hinaus.\u201c<\/p>\n\n\n\n<figure class=\"wp-block-image size-large\"><img fetchpriority=\"high\" decoding=\"async\" width=\"1024\" height=\"782\" src=\"https:\/\/eks-maintal.de\/home\/wp-content\/uploads\/2025\/11\/Suppenfest-1024x782.jpg\" alt=\"\" class=\"wp-image-650\" srcset=\"https:\/\/eks-maintal.de\/home\/wp-content\/uploads\/2025\/11\/Suppenfest-1024x782.jpg 1024w, https:\/\/eks-maintal.de\/home\/wp-content\/uploads\/2025\/11\/Suppenfest-300x229.jpg 300w, https:\/\/eks-maintal.de\/home\/wp-content\/uploads\/2025\/11\/Suppenfest-768x587.jpg 768w, https:\/\/eks-maintal.de\/home\/wp-content\/uploads\/2025\/11\/Suppenfest-1536x1173.jpg 1536w, https:\/\/eks-maintal.de\/home\/wp-content\/uploads\/2025\/11\/Suppenfest-2048x1564.jpg 2048w\" sizes=\"(max-width: 1024px) 100vw, 1024px\" \/><\/figure>\n","protected":false},"excerpt":{"rendered":"<p>Die Erich K\u00e4stner-Schule war in diesem Jahr mit einem eigenen Stand beim 8. Internationalen Maintaler Suppenfest vertreten. Das beliebte Stadtfest wird von der Freiwilligenagentur Maintal Aktiv&nbsp;gemeinsam mit dem Kinder- und Jugendhaus Bischofsheim ausgerichtet und steht f\u00fcr Begegnung, Austausch und Engagement. Ziel der Veranstaltung ist es, Menschen miteinander ins Gespr\u00e4ch zu bringen, das vielf\u00e4ltige freiwillige Engagement [&hellip;]<\/p>\n","protected":false},"author":1,"featured_media":650,"comment_status":"open","ping_status":"open","sticky":false,"template":"","format":"standard","meta":{"footnotes":""},"categories":[1],"tags":[],"class_list":["post-653","post","type-post","status-publish","format-standard","has-post-thumbnail","hentry","category-allgemein"],"_links":{"self":[{"href":"https:\/\/eks-maintal.de\/home\/wp-json\/wp\/v2\/posts\/653","targetHints":{"allow":["GET"]}}],"collection":[{"href":"https:\/\/eks-maintal.de\/home\/wp-json\/wp\/v2\/posts"}],"about":[{"href":"https:\/\/eks-maintal.de\/home\/wp-json\/wp\/v2\/types\/post"}],"author":[{"embeddable":true,"href":"https:\/\/eks-maintal.de\/home\/wp-json\/wp\/v2\/users\/1"}],"replies":[{"embeddable":true,"href":"https:\/\/eks-maintal.de\/home\/wp-json\/wp\/v2\/comments?post=653"}],"version-history":[{"count":2,"href":"https:\/\/eks-maintal.de\/home\/wp-json\/wp\/v2\/posts\/653\/revisions"}],"predecessor-version":[{"id":657,"href":"https:\/\/eks-maintal.de\/home\/wp-json\/wp\/v2\/posts\/653\/revisions\/657"}],"wp:featuredmedia":[{"embeddable":true,"href":"https:\/\/eks-maintal.de\/home\/wp-json\/wp\/v2\/media\/650"}],"wp:attachment":[{"href":"https:\/\/eks-maintal.de\/home\/wp-json\/wp\/v2\/media?parent=653"}],"wp:term":[{"taxonomy":"category","embeddable":true,"href":"https:\/\/eks-maintal.de\/home\/wp-json\/wp\/v2\/categories?post=653"},{"taxonomy":"post_tag","embeddable":true,"href":"https:\/\/eks-maintal.de\/home\/wp-json\/wp\/v2\/tags?post=653"}],"curies":[{"name":"wp","href":"https:\/\/api.w.org\/{rel}","templated":true}]}}