{"id":655,"date":"2025-11-10T14:53:44","date_gmt":"2025-11-10T13:53:44","guid":{"rendered":"https:\/\/eks-maintal.de\/home\/?p=655"},"modified":"2025-11-10T14:53:46","modified_gmt":"2025-11-10T13:53:46","slug":"erneute-auszeichnung-fuer-die-erich-kaestner-schule-maintal","status":"publish","type":"post","link":"https:\/\/eks-maintal.de\/home\/2025\/11\/10\/erneute-auszeichnung-fuer-die-erich-kaestner-schule-maintal\/","title":{"rendered":"Erneute Auszeichnung f\u00fcr die Erich K\u00e4stner-Schule Maintal"},"content":{"rendered":"\n<p>\u00dcbergabe der 3. Rezertifizierung des Teilzertifikats \u201eBewegung &amp; Wahrnehmung\u201c<\/p>\n\n\n\n<p>Am Montag, den 22. September 2025, durfte die Erich K\u00e4stner-Schule Maintal im Schulamt des Main-Kinzig-Kreises in Hanau bereits zum dritten Mal das Teilzertifikat \u201eBewegung und Wahrnehmung\u201c entgegennehmen.<\/p>\n\n\n\n<p>Stellvertretend f\u00fcr das Gesundheitsteam nahmen Herr Fritsch, Frau Schumann und Frau B\u00e4hr die Auszeichnung entgegen. Die feierliche \u00dcbergabe wurde von Frau Siekemeyer, der Leiterin des Staatlichen Schulamtes des Main-Kinzig-Kreises, moderiert. Frau Almon, Frau Stichter und Herr Dr. Roth w\u00fcrdigten die besonderen Anstrengungen der Schulen im Bereich der Gesundheitsf\u00f6rderung und \u00fcberreichten die Zertifikate.<\/p>\n\n\n\n<p>Im Anschluss bot sich die Gelegenheit zum regen Austausch mit den Gesundheitsteams anderer Schulen. Besonders hervorzuheben ist dabei, dass die Erich K\u00e4stner-Schule mit vielf\u00e4ltigen Angeboten zur Gesundheitsf\u00f6rderung aktiv ist \u2013 etwa durch die Planung eines schuleigenen Kraftraums, durch moderne Trendsportarten im Rahmen der Oster- und Herbstferienspiele sowie durch regelm\u00e4\u00dfige Angebote wie Pilates.<\/p>\n\n\n\n<p>Die erneute Zertifizierung unterstreicht das kontinuierliche Engagement der EKS f\u00fcr die F\u00f6rderung von Bewegung, Gesundheit und Wohlbefinden ihrer Sch\u00fclerinnen und Sch\u00fcler sowie ihrer Lehrkr\u00e4fte.<\/p>\n\n\n\n<figure class=\"wp-block-gallery has-nested-images columns-default is-cropped wp-block-gallery-1 is-layout-flex wp-block-gallery-is-layout-flex\">\n<figure class=\"wp-block-image size-large\"><img fetchpriority=\"high\" decoding=\"async\" width=\"1024\" height=\"799\" data-id=\"652\" src=\"https:\/\/eks-maintal.de\/home\/wp-content\/uploads\/2025\/11\/Rezertifizierung1-1024x799.jpg\" alt=\"\" class=\"wp-image-652\" srcset=\"https:\/\/eks-maintal.de\/home\/wp-content\/uploads\/2025\/11\/Rezertifizierung1-1024x799.jpg 1024w, https:\/\/eks-maintal.de\/home\/wp-content\/uploads\/2025\/11\/Rezertifizierung1-300x234.jpg 300w, https:\/\/eks-maintal.de\/home\/wp-content\/uploads\/2025\/11\/Rezertifizierung1-768x600.jpg 768w, https:\/\/eks-maintal.de\/home\/wp-content\/uploads\/2025\/11\/Rezertifizierung1-1536x1199.jpg 1536w, https:\/\/eks-maintal.de\/home\/wp-content\/uploads\/2025\/11\/Rezertifizierung1-2048x1599.jpg 2048w\" sizes=\"(max-width: 1024px) 100vw, 1024px\" \/><\/figure>\n\n\n\n<figure class=\"wp-block-image size-large\"><img decoding=\"async\" width=\"1024\" height=\"524\" data-id=\"651\" src=\"https:\/\/eks-maintal.de\/home\/wp-content\/uploads\/2025\/11\/Rezertifizierung2-1024x524.jpg\" alt=\"\" class=\"wp-image-651\" srcset=\"https:\/\/eks-maintal.de\/home\/wp-content\/uploads\/2025\/11\/Rezertifizierung2-1024x524.jpg 1024w, https:\/\/eks-maintal.de\/home\/wp-content\/uploads\/2025\/11\/Rezertifizierung2-300x154.jpg 300w, https:\/\/eks-maintal.de\/home\/wp-content\/uploads\/2025\/11\/Rezertifizierung2-768x393.jpg 768w, https:\/\/eks-maintal.de\/home\/wp-content\/uploads\/2025\/11\/Rezertifizierung2-1536x786.jpg 1536w, https:\/\/eks-maintal.de\/home\/wp-content\/uploads\/2025\/11\/Rezertifizierung2-2048x1048.jpg 2048w\" sizes=\"(max-width: 1024px) 100vw, 1024px\" \/><\/figure>\n<\/figure>\n","protected":false},"excerpt":{"rendered":"<p>\u00dcbergabe der 3. Rezertifizierung des Teilzertifikats \u201eBewegung &amp; Wahrnehmung\u201c Am Montag, den 22. September 2025, durfte die Erich K\u00e4stner-Schule Maintal im Schulamt des Main-Kinzig-Kreises in Hanau bereits zum dritten Mal das Teilzertifikat \u201eBewegung und Wahrnehmung\u201c entgegennehmen. Stellvertretend f\u00fcr das Gesundheitsteam nahmen Herr Fritsch, Frau Schumann und Frau B\u00e4hr die Auszeichnung entgegen. Die feierliche \u00dcbergabe wurde [&hellip;]<\/p>\n","protected":false},"author":1,"featured_media":652,"comment_status":"open","ping_status":"open","sticky":false,"template":"","format":"standard","meta":{"footnotes":""},"categories":[1],"tags":[],"class_list":["post-655","post","type-post","status-publish","format-standard","has-post-thumbnail","hentry","category-allgemein"],"_links":{"self":[{"href":"https:\/\/eks-maintal.de\/home\/wp-json\/wp\/v2\/posts\/655","targetHints":{"allow":["GET"]}}],"collection":[{"href":"https:\/\/eks-maintal.de\/home\/wp-json\/wp\/v2\/posts"}],"about":[{"href":"https:\/\/eks-maintal.de\/home\/wp-json\/wp\/v2\/types\/post"}],"author":[{"embeddable":true,"href":"https:\/\/eks-maintal.de\/home\/wp-json\/wp\/v2\/users\/1"}],"replies":[{"embeddable":true,"href":"https:\/\/eks-maintal.de\/home\/wp-json\/wp\/v2\/comments?post=655"}],"version-history":[{"count":1,"href":"https:\/\/eks-maintal.de\/home\/wp-json\/wp\/v2\/posts\/655\/revisions"}],"predecessor-version":[{"id":656,"href":"https:\/\/eks-maintal.de\/home\/wp-json\/wp\/v2\/posts\/655\/revisions\/656"}],"wp:featuredmedia":[{"embeddable":true,"href":"https:\/\/eks-maintal.de\/home\/wp-json\/wp\/v2\/media\/652"}],"wp:attachment":[{"href":"https:\/\/eks-maintal.de\/home\/wp-json\/wp\/v2\/media?parent=655"}],"wp:term":[{"taxonomy":"category","embeddable":true,"href":"https:\/\/eks-maintal.de\/home\/wp-json\/wp\/v2\/categories?post=655"},{"taxonomy":"post_tag","embeddable":true,"href":"https:\/\/eks-maintal.de\/home\/wp-json\/wp\/v2\/tags?post=655"}],"curies":[{"name":"wp","href":"https:\/\/api.w.org\/{rel}","templated":true}]}}