{"id":692,"date":"2025-11-26T11:33:51","date_gmt":"2025-11-26T10:33:51","guid":{"rendered":"https:\/\/eks-maintal.de\/home\/?p=692"},"modified":"2025-12-03T11:04:40","modified_gmt":"2025-12-03T10:04:40","slug":"erfolgreicher-tag-der-offenen-tuer-an-der-erich-kaestner-schule-ein-lebendiges-schulleben-zum-anfassen","status":"publish","type":"post","link":"https:\/\/eks-maintal.de\/home\/2025\/11\/26\/erfolgreicher-tag-der-offenen-tuer-an-der-erich-kaestner-schule-ein-lebendiges-schulleben-zum-anfassen\/","title":{"rendered":"Erfolgreicher Tag der offenen T\u00fcr an der Erich K\u00e4stner\u2011Schule: Ein lebendiges Schulleben zum Anfassen"},"content":{"rendered":"\n<p>22.11.2025 \u2014 Gro\u00dfer Andrang und beste Stimmung herrschten am vergangenen Samstag beim Tag der offenen T\u00fcr der Erich K\u00e4stner\u2011Schule. Zahlreiche Besucherinnen und Besucher nutzten die Gelegenheit, die Schule kennenzulernen, sich \u00fcber Angebote zu informieren und Einblicke in den Schulalltag zu gewinnen. Schulleiterin Stefanie Thor und das gesamte Team zogen am Ende des Tages eine durchweg positive Bilanz.<\/p>\n\n\n\n<p><strong>Vielf\u00e4ltiges Programm begeisterte Gro\u00df und Klein<\/strong><\/p>\n\n\n\n<p>Das umfangreiche Veranstaltungsprogramm bot f\u00fcr alle Altersgruppen und Interessen etwas: In den naturwissenschaftlichen R\u00e4umen demonstrierten Lehrkr\u00e4fte mit Sch\u00fclerinnen und Sch\u00fclern beeindruckende Experimente \u2014 von optischen Ph\u00e4nomenen bis zur \u201eElefantenzahnpasta\u201c \u2014 und weckten die Neugier f\u00fcr Physik und Chemie. Im Biologieraum konnten Besucherinnen und Besucher bei praktischen Stationen Einblicke in zellul\u00e4re Zusammenh\u00e4nge und Skelettkunde gewinnen. In den Werkst\u00e4tten und Arbeitslehre\u2011Bereichen pr\u00e4sentierten Sch\u00fclerinnen und Sch\u00fcler handwerkliche und kreative Arbeiten aus Holz, Metall, Ton und N\u00e4hen.<\/p>\n\n\n\n<p><strong>Live<\/strong><strong>\u2011<\/strong><strong>Painting: Kunst als Verbindung zur Lokalgeschichte<\/strong><\/p>\n\n\n\n<p>Besondere Aufmerksamkeit zog eine Live\u2011Painting\u2011Aktion auf sich: Die K\u00fcnstlerin Franziska Karres beeindruckte das Publikum mit der fast augenblicklichen Fertigstellung eines gro\u00dfformatigen Kunstwerks, das das aktuelle lokalhistorische Schulprojekt zur Geschichte des Maintalbads aufgriff. Karres\u2019 Arbeit verband k\u00fcnstlerische Ausdruckskraft mit historischer Tiefe und bildete einen lebendigen, visuellen Bezug zu den Themen, die die Schulgemeinschaft derzeit besch\u00e4ftigen. Viele Besucherinnen und Besucher blieben stehen, beobachteten den Entstehungsprozess und diskutierten im Anschluss mit der K\u00fcnstlerin und den beteiligten Sch\u00fclerinnen und Sch\u00fclern.<\/p>\n\n\n\n<p><strong>Musikalische Beitr\u00e4ge und Mitmachaktionen<\/strong><\/p>\n\n\n\n<p>Musikr\u00e4ume luden zum Mitsingen und Musizieren ein; zu festen Zeiten f\u00fcllten sich die R\u00e4ume mit Gesang und Instrumentalmusik. Auf dem Schulhof bot die Jugendfeuerwehr Maintal eine Mitmach\u2011Aktion und Fahrzeugausstellung an, w\u00e4hrend in der kleinen Halle Sportangebote von Airtrack \u00fcber Slackline bis Golf hohe Besucherresonanz erzielten. Die Talentwerkstatt und die Ganztagsangebote stellten ihr vielseitiges Programm vor und luden zum Staunen ein.<\/p>\n\n\n\n<p><strong>Informationsveranstaltungen und Beratungsangebote<\/strong><\/p>\n\n\n\n<p>Besonders gut besucht waren die Informationsveranstaltungen in der Mensa: Schulleitung, F\u00f6rderverein und Schulelternbeirat informierten gemeinsam \u00fcber Schulkonzept, F\u00f6rderm\u00f6glichkeiten und Mitwirkungsm\u00f6glichkeiten. Parallel f\u00fchrten Sch\u00fclerinnen und Sch\u00fcler Interessierte durch das Geb\u00e4ude und beantworteten Fragen aus erster Hand. Die Bereiche \u201eDeutsch als Zweitsprache\u201c und das Angebot zum Deutschen Sprachdiplom pr\u00e4sentierten ihr Unterst\u00fctzungsprogramm f\u00fcr mehrsprachige Lernende.<\/p>\n\n\n\n<p><strong>Internationale K\u00fcche und Schulgemeinschaft<\/strong><\/p>\n\n\n\n<p>F\u00fcr das leibliche Wohl sorgte ein internationales Buffet, erg\u00e4nzt durch eine Grillstation und Getr\u00e4nkeangebote \u2014 ein kulinarischer Spiegel der vielf\u00e4ltigen Schulgemeinschaft. Der AlumniClub lud zum Erinnern und Austausch ein, eine Selfie\u2011Station hielt gemeinsame Momente fest.<\/p>\n\n\n\n<p><strong>Dank an Kooperationspartnerinnen und -partner sowie das schulische Team<\/strong><\/p>\n\n\n\n<p>&nbsp;\u201eDer heutige Tag hat eindr\u00fccklich gezeigt, was unsere Schulgemeinschaft ausmacht: Neugier, Kreativit\u00e4t und gegenseitige Unterst\u00fctzung. Mein herzlicher Dank gilt allen Kolleginnen und Kollegen, den Sch\u00fclerinnen und Sch\u00fclern, den Eltern und Erziehungsberechtigten sowie unseren Kooperationspartnerinnen und -partnern f\u00fcr ihr gro\u00dfes Engagement und die vielf\u00e4ltigen Beitr\u00e4ge zum Gelingen dieses Tages. Besonders beeindruckt hat mich die lebendige Beteiligung bei den Workshops, die professionelle Unterst\u00fctzung der Jugendfeuerwehr Maintal und das inspirierende Live\u2011Painting von Franziska Karres, das die Verbindung von Kunst und Lokalgeschichte eindrucksvoll sichtbar machte. Mit diesem starken Signal gehen wir motiviert in das kommende Schuljahr und freuen uns darauf, gemeinsam weiter an unserer Schule zu arbeiten.\u201c<\/p>\n\n\n\n<p>Die Erich K\u00e4stner\u2011Schule freut sich \u00fcber das gro\u00dfe Interesse und die vielen positiven R\u00fcckmeldungen. Informationen zu weiteren Veranstaltungen, Anmeldemodalit\u00e4ten und Angeboten der Schule sind auf der Schulwebsite <a href=\"http:\/\/www.eks-maintal.de\">www.eks-maintal.de<\/a> und dem Instagram-Account eks.maintal erh\u00e4ltlich.<\/p>\n\n\n\n<figure class=\"wp-block-gallery has-nested-images columns-default is-cropped wp-block-gallery-1 is-layout-flex wp-block-gallery-is-layout-flex\">\n<figure class=\"wp-block-image size-large\"><img fetchpriority=\"high\" decoding=\"async\" width=\"768\" height=\"1024\" data-id=\"691\" src=\"https:\/\/eks-maintal.de\/home\/wp-content\/uploads\/2025\/11\/Stufenleiter-Marcus-Thomas-bei-Vortrag-fuer-Eltern-768x1024.jpg\" alt=\"\" class=\"wp-image-691\" srcset=\"https:\/\/eks-maintal.de\/home\/wp-content\/uploads\/2025\/11\/Stufenleiter-Marcus-Thomas-bei-Vortrag-fuer-Eltern-768x1024.jpg 768w, https:\/\/eks-maintal.de\/home\/wp-content\/uploads\/2025\/11\/Stufenleiter-Marcus-Thomas-bei-Vortrag-fuer-Eltern-225x300.jpg 225w, https:\/\/eks-maintal.de\/home\/wp-content\/uploads\/2025\/11\/Stufenleiter-Marcus-Thomas-bei-Vortrag-fuer-Eltern-1152x1536.jpg 1152w, https:\/\/eks-maintal.de\/home\/wp-content\/uploads\/2025\/11\/Stufenleiter-Marcus-Thomas-bei-Vortrag-fuer-Eltern.jpg 1536w\" sizes=\"(max-width: 768px) 100vw, 768px\" \/><\/figure>\n\n\n\n<figure class=\"wp-block-image size-large\"><img decoding=\"async\" width=\"768\" height=\"1024\" data-id=\"690\" src=\"https:\/\/eks-maintal.de\/home\/wp-content\/uploads\/2025\/11\/Schulleiterin-Stefanie-Thor-768x1024.jpg\" alt=\"\" class=\"wp-image-690\" srcset=\"https:\/\/eks-maintal.de\/home\/wp-content\/uploads\/2025\/11\/Schulleiterin-Stefanie-Thor-768x1024.jpg 768w, https:\/\/eks-maintal.de\/home\/wp-content\/uploads\/2025\/11\/Schulleiterin-Stefanie-Thor-225x300.jpg 225w, https:\/\/eks-maintal.de\/home\/wp-content\/uploads\/2025\/11\/Schulleiterin-Stefanie-Thor-1152x1536.jpg 1152w, https:\/\/eks-maintal.de\/home\/wp-content\/uploads\/2025\/11\/Schulleiterin-Stefanie-Thor.jpg 1536w\" sizes=\"(max-width: 768px) 100vw, 768px\" \/><\/figure>\n\n\n\n<figure class=\"wp-block-image size-large\"><img decoding=\"async\" width=\"768\" height=\"1024\" data-id=\"689\" src=\"https:\/\/eks-maintal.de\/home\/wp-content\/uploads\/2025\/11\/Frau-Gruenberg-bei-Vortrag-fuer-Eltern-768x1024.jpg\" alt=\"\" class=\"wp-image-689\" srcset=\"https:\/\/eks-maintal.de\/home\/wp-content\/uploads\/2025\/11\/Frau-Gruenberg-bei-Vortrag-fuer-Eltern-768x1024.jpg 768w, https:\/\/eks-maintal.de\/home\/wp-content\/uploads\/2025\/11\/Frau-Gruenberg-bei-Vortrag-fuer-Eltern-225x300.jpg 225w, https:\/\/eks-maintal.de\/home\/wp-content\/uploads\/2025\/11\/Frau-Gruenberg-bei-Vortrag-fuer-Eltern-1152x1536.jpg 1152w, https:\/\/eks-maintal.de\/home\/wp-content\/uploads\/2025\/11\/Frau-Gruenberg-bei-Vortrag-fuer-Eltern.jpg 1536w\" sizes=\"(max-width: 768px) 100vw, 768px\" \/><\/figure>\n\n\n\n<figure class=\"wp-block-image size-large\"><img loading=\"lazy\" decoding=\"async\" width=\"768\" height=\"1024\" data-id=\"688\" src=\"https:\/\/eks-maintal.de\/home\/wp-content\/uploads\/2025\/11\/Versuche-in-Chemie-und-Physik-768x1024.jpg\" alt=\"\" class=\"wp-image-688\" srcset=\"https:\/\/eks-maintal.de\/home\/wp-content\/uploads\/2025\/11\/Versuche-in-Chemie-und-Physik-768x1024.jpg 768w, https:\/\/eks-maintal.de\/home\/wp-content\/uploads\/2025\/11\/Versuche-in-Chemie-und-Physik-225x300.jpg 225w, https:\/\/eks-maintal.de\/home\/wp-content\/uploads\/2025\/11\/Versuche-in-Chemie-und-Physik-1152x1536.jpg 1152w, https:\/\/eks-maintal.de\/home\/wp-content\/uploads\/2025\/11\/Versuche-in-Chemie-und-Physik.jpg 1536w\" sizes=\"(max-width: 768px) 100vw, 768px\" \/><\/figure>\n\n\n\n<figure class=\"wp-block-image size-large\"><img loading=\"lazy\" decoding=\"async\" width=\"768\" height=\"1024\" data-id=\"687\" src=\"https:\/\/eks-maintal.de\/home\/wp-content\/uploads\/2025\/11\/Englisch-corner-768x1024.jpg\" alt=\"\" class=\"wp-image-687\" srcset=\"https:\/\/eks-maintal.de\/home\/wp-content\/uploads\/2025\/11\/Englisch-corner-768x1024.jpg 768w, https:\/\/eks-maintal.de\/home\/wp-content\/uploads\/2025\/11\/Englisch-corner-225x300.jpg 225w, https:\/\/eks-maintal.de\/home\/wp-content\/uploads\/2025\/11\/Englisch-corner-1152x1536.jpg 1152w, https:\/\/eks-maintal.de\/home\/wp-content\/uploads\/2025\/11\/Englisch-corner.jpg 1536w\" sizes=\"(max-width: 768px) 100vw, 768px\" \/><\/figure>\n\n\n\n<figure class=\"wp-block-image size-large\"><img loading=\"lazy\" decoding=\"async\" width=\"732\" height=\"1024\" data-id=\"686\" src=\"https:\/\/eks-maintal.de\/home\/wp-content\/uploads\/2025\/11\/Beispiel-Stand-Mensa-732x1024.jpg\" alt=\"\" class=\"wp-image-686\" srcset=\"https:\/\/eks-maintal.de\/home\/wp-content\/uploads\/2025\/11\/Beispiel-Stand-Mensa-732x1024.jpg 732w, https:\/\/eks-maintal.de\/home\/wp-content\/uploads\/2025\/11\/Beispiel-Stand-Mensa-214x300.jpg 214w, https:\/\/eks-maintal.de\/home\/wp-content\/uploads\/2025\/11\/Beispiel-Stand-Mensa-768x1074.jpg 768w, https:\/\/eks-maintal.de\/home\/wp-content\/uploads\/2025\/11\/Beispiel-Stand-Mensa-1098x1536.jpg 1098w, https:\/\/eks-maintal.de\/home\/wp-content\/uploads\/2025\/11\/Beispiel-Stand-Mensa.jpg 1464w\" sizes=\"(max-width: 732px) 100vw, 732px\" \/><\/figure>\n<\/figure>\n","protected":false},"excerpt":{"rendered":"<p>22.11.2025 \u2014 Gro\u00dfer Andrang und beste Stimmung herrschten am vergangenen Samstag beim Tag der offenen T\u00fcr der Erich K\u00e4stner\u2011Schule. Zahlreiche Besucherinnen und Besucher nutzten die Gelegenheit, die Schule kennenzulernen, sich \u00fcber Angebote zu informieren und Einblicke in den Schulalltag zu gewinnen. Schulleiterin Stefanie Thor und das gesamte Team zogen am Ende des Tages eine durchweg [&hellip;]<\/p>\n","protected":false},"author":1,"featured_media":690,"comment_status":"open","ping_status":"open","sticky":false,"template":"","format":"standard","meta":{"footnotes":""},"categories":[1],"tags":[],"class_list":["post-692","post","type-post","status-publish","format-standard","has-post-thumbnail","hentry","category-allgemein"],"_links":{"self":[{"href":"https:\/\/eks-maintal.de\/home\/wp-json\/wp\/v2\/posts\/692","targetHints":{"allow":["GET"]}}],"collection":[{"href":"https:\/\/eks-maintal.de\/home\/wp-json\/wp\/v2\/posts"}],"about":[{"href":"https:\/\/eks-maintal.de\/home\/wp-json\/wp\/v2\/types\/post"}],"author":[{"embeddable":true,"href":"https:\/\/eks-maintal.de\/home\/wp-json\/wp\/v2\/users\/1"}],"replies":[{"embeddable":true,"href":"https:\/\/eks-maintal.de\/home\/wp-json\/wp\/v2\/comments?post=692"}],"version-history":[{"count":1,"href":"https:\/\/eks-maintal.de\/home\/wp-json\/wp\/v2\/posts\/692\/revisions"}],"predecessor-version":[{"id":693,"href":"https:\/\/eks-maintal.de\/home\/wp-json\/wp\/v2\/posts\/692\/revisions\/693"}],"wp:featuredmedia":[{"embeddable":true,"href":"https:\/\/eks-maintal.de\/home\/wp-json\/wp\/v2\/media\/690"}],"wp:attachment":[{"href":"https:\/\/eks-maintal.de\/home\/wp-json\/wp\/v2\/media?parent=692"}],"wp:term":[{"taxonomy":"category","embeddable":true,"href":"https:\/\/eks-maintal.de\/home\/wp-json\/wp\/v2\/categories?post=692"},{"taxonomy":"post_tag","embeddable":true,"href":"https:\/\/eks-maintal.de\/home\/wp-json\/wp\/v2\/tags?post=692"}],"curies":[{"name":"wp","href":"https:\/\/api.w.org\/{rel}","templated":true}]}}