{"id":696,"date":"2025-12-03T11:02:04","date_gmt":"2025-12-03T10:02:04","guid":{"rendered":"https:\/\/eks-maintal.de\/home\/?p=696"},"modified":"2025-12-03T11:02:05","modified_gmt":"2025-12-03T10:02:05","slug":"schuelerinnen-und-schueler-der-erich-kaestner-schule-beteiligen-sich-an-bundesweiter-unicef-schulaktion-zum-tag-der-kinderrechte","status":"publish","type":"post","link":"https:\/\/eks-maintal.de\/home\/2025\/12\/03\/schuelerinnen-und-schueler-der-erich-kaestner-schule-beteiligen-sich-an-bundesweiter-unicef-schulaktion-zum-tag-der-kinderrechte\/","title":{"rendered":"Sch\u00fclerinnen und Sch\u00fcler der Erich K\u00e4stner-Schule beteiligen sich an bundesweiter UNICEF-Schulaktion zum Tag der Kinderrechte"},"content":{"rendered":"\n<p>Anl\u00e4sslich des Internationalen Tags der Kinderrechte am 20. November 2025 hat sich die Erich K\u00e4stner-Schule engagiert an der bundesweiten Schulaktion von UNICEF beteiligt und ein starkes Zeichen f\u00fcr die Rechte, St\u00e4rken und die Vielfalt von Kindern gesetzt. Die Koordination lag in den H\u00e4nden von Meryem Yesilova, Stufenleiterin f\u00fcr die Jahrg\u00e4nge 7 und 8, die besonders hervorhob, wie wichtig es sei, Kinder aktiv in die Auseinandersetzung mit ihren eigenen Rechten einzubeziehen. \u201eKinder sollen nicht nur \u00fcber Rechte lesen \u2013 sie sollen sp\u00fcren, dass sie gesehen, geh\u00f6rt und wertgesch\u00e4tzt werden. Diese Aktion zeigt ihnen: Du bist wichtig. Deine Stimme z\u00e4hlt!\u201c, betonte Yesilova.<\/p>\n\n\n\n<p>Im Jahrgang 5, betreut durch die Klassenlehrerinnen Lisa Gei\u00dfler (5a), Alina Berg (5b), Zeynep J\u00e4ger (5c) und Fatina Hastermann (5d), arbeiteten die Sch\u00fclerinnen und Sch\u00fcler intensiv an der Gestaltung der von UNICEF bereitgestellten Plakate. Die Poster boten ihnen die M\u00f6glichkeit, sich mit ihren eigenen St\u00e4rken auseinanderzusetzen und diese kreativ darzustellen. Es entstanden pers\u00f6nliche, farbenfrohe Botschaften, die die Vielfalt der F\u00e4higkeiten, Interessen und Pers\u00f6nlichkeiten der Kinder widerspiegelten \u2013 von sportlichen Talenten \u00fcber Empathie und Teamgeist bis hin zu kreativen oder sprachlichen Begabungen.<\/p>\n\n\n\n<p>Ein besonderer H\u00f6hepunkt war die gemeinsame Fotoaktion des 5. Jahrgangs. Daf\u00fcr formierten die Sch\u00fclerinnen und Sch\u00fcler den Schriftzug \u201eI AM\u201c, der aus der Vogelperspektive aufgenommen wurde. Das starke Motiv verdeutlichte, dass jedes Kind ein unverzichtbarer Teil der Schulgemeinschaft ist \u2013 mit eigener Identit\u00e4t und individuellen St\u00e4rken.<\/p>\n\n\n\n<p>Auch in der Intensivklasse spielte das Thema Kinderrechte eine zentrale Rolle. Das Projekt wurde f\u00e4cher\u00fcbergreifend im Bereich Kunst und Wertevermittlung umgesetzt. Unter der Leitung von Stefania Yesilova besch\u00e4ftigten sich die Kinder nicht nur mit Rechten wie Schutz, Bildung, Gleichberechtigung und Beteiligung, sondern auch mit ihren pers\u00f6nlichen St\u00e4rken. Sie gestalteten ihre Poster entsprechend und brachten ihre Gedanken und Gef\u00fchle kreativ und vielf\u00e4ltig zum Ausdruck.<\/p>\n\n\n\n<p>Eine weitere symbolische Komponente der Aktion waren die von UNICEF bereitgestellten farbigen Sticker, die die Kinder gut sichtbar auf ihre H\u00e4nde klebten. Sie standen f\u00fcr Individualit\u00e4t, Selbstbewusstsein, Weltoffenheit, Frieden und Gemeinschaft. Farben des Regenbogens symbolisierten Vielfalt, das Megafon gab den Kindern sprichw\u00f6rtlich eine Stimme, und das Peace-Symbol erinnerte daran, dass Frieden und Respekt Grundpfeiler der Kinderrechte sind. Erg\u00e4nzt wurde die Botschaft durch die bewusste Darstellung unterschiedlicher Hautfarben \u2013 ein Zeichen daf\u00fcr, dass verschiedene kulturelle Hintergr\u00fcnde und Pers\u00f6nlichkeiten die Schulgemeinschaft st\u00e4rken und bereichern.<\/p>\n\n\n\n<p>Mit gro\u00dfem Einsatz der beteiligten Lehrkr\u00e4fte und der aktiven Mitwirkung aller Sch\u00fclerinnen und Sch\u00fcler setzte die Erich K\u00e4stner-Schule ein nachhaltiges und bewegendes Zeichen: Kinderrechte sind nicht nur ein Thema f\u00fcr den Unterricht \u2013 sie geh\u00f6ren mitten in den Alltag der Kinder und in die Haltung einer ganzen Schulgemeinschaft.<\/p>\n\n\n\n<figure class=\"wp-block-gallery has-nested-images columns-default is-cropped wp-block-gallery-1 is-layout-flex wp-block-gallery-is-layout-flex\">\n<figure class=\"wp-block-image size-large\"><img fetchpriority=\"high\" decoding=\"async\" width=\"840\" height=\"1024\" data-id=\"701\" src=\"https:\/\/eks-maintal.de\/home\/wp-content\/uploads\/2025\/12\/Unicef1-840x1024.jpg\" alt=\"\" class=\"wp-image-701\" srcset=\"https:\/\/eks-maintal.de\/home\/wp-content\/uploads\/2025\/12\/Unicef1-840x1024.jpg 840w, https:\/\/eks-maintal.de\/home\/wp-content\/uploads\/2025\/12\/Unicef1-246x300.jpg 246w, https:\/\/eks-maintal.de\/home\/wp-content\/uploads\/2025\/12\/Unicef1-768x936.jpg 768w, https:\/\/eks-maintal.de\/home\/wp-content\/uploads\/2025\/12\/Unicef1-1260x1536.jpg 1260w, https:\/\/eks-maintal.de\/home\/wp-content\/uploads\/2025\/12\/Unicef1-1681x2048.jpg 1681w\" sizes=\"(max-width: 840px) 100vw, 840px\" \/><\/figure>\n\n\n\n<figure class=\"wp-block-image size-large\"><img decoding=\"async\" width=\"1024\" height=\"722\" data-id=\"700\" src=\"https:\/\/eks-maintal.de\/home\/wp-content\/uploads\/2025\/12\/Unicef2-1024x722.jpg\" alt=\"\" class=\"wp-image-700\" srcset=\"https:\/\/eks-maintal.de\/home\/wp-content\/uploads\/2025\/12\/Unicef2-1024x722.jpg 1024w, https:\/\/eks-maintal.de\/home\/wp-content\/uploads\/2025\/12\/Unicef2-300x212.jpg 300w, https:\/\/eks-maintal.de\/home\/wp-content\/uploads\/2025\/12\/Unicef2-768x542.jpg 768w, https:\/\/eks-maintal.de\/home\/wp-content\/uploads\/2025\/12\/Unicef2-1536x1083.jpg 1536w, https:\/\/eks-maintal.de\/home\/wp-content\/uploads\/2025\/12\/Unicef2-2048x1444.jpg 2048w\" sizes=\"(max-width: 1024px) 100vw, 1024px\" \/><\/figure>\n\n\n\n<figure class=\"wp-block-image size-large\"><img decoding=\"async\" width=\"1024\" height=\"579\" data-id=\"699\" src=\"https:\/\/eks-maintal.de\/home\/wp-content\/uploads\/2025\/12\/Unicef3-1024x579.jpg\" alt=\"\" class=\"wp-image-699\" srcset=\"https:\/\/eks-maintal.de\/home\/wp-content\/uploads\/2025\/12\/Unicef3-1024x579.jpg 1024w, https:\/\/eks-maintal.de\/home\/wp-content\/uploads\/2025\/12\/Unicef3-300x170.jpg 300w, https:\/\/eks-maintal.de\/home\/wp-content\/uploads\/2025\/12\/Unicef3-768x434.jpg 768w, https:\/\/eks-maintal.de\/home\/wp-content\/uploads\/2025\/12\/Unicef3-1536x868.jpg 1536w, https:\/\/eks-maintal.de\/home\/wp-content\/uploads\/2025\/12\/Unicef3-2048x1157.jpg 2048w\" sizes=\"(max-width: 1024px) 100vw, 1024px\" \/><\/figure>\n\n\n\n<figure class=\"wp-block-image size-large\"><img loading=\"lazy\" decoding=\"async\" width=\"1024\" height=\"730\" data-id=\"698\" src=\"https:\/\/eks-maintal.de\/home\/wp-content\/uploads\/2025\/12\/Unicef4-1024x730.jpg\" alt=\"\" class=\"wp-image-698\" srcset=\"https:\/\/eks-maintal.de\/home\/wp-content\/uploads\/2025\/12\/Unicef4-1024x730.jpg 1024w, https:\/\/eks-maintal.de\/home\/wp-content\/uploads\/2025\/12\/Unicef4-300x214.jpg 300w, https:\/\/eks-maintal.de\/home\/wp-content\/uploads\/2025\/12\/Unicef4-768x548.jpg 768w, https:\/\/eks-maintal.de\/home\/wp-content\/uploads\/2025\/12\/Unicef4-1536x1096.jpg 1536w, https:\/\/eks-maintal.de\/home\/wp-content\/uploads\/2025\/12\/Unicef4-2048x1461.jpg 2048w\" sizes=\"(max-width: 1024px) 100vw, 1024px\" \/><\/figure>\n\n\n\n<figure class=\"wp-block-image size-large\"><img loading=\"lazy\" decoding=\"async\" width=\"768\" height=\"1024\" data-id=\"697\" src=\"https:\/\/eks-maintal.de\/home\/wp-content\/uploads\/2025\/12\/Unicef5-768x1024.jpg\" alt=\"\" class=\"wp-image-697\" srcset=\"https:\/\/eks-maintal.de\/home\/wp-content\/uploads\/2025\/12\/Unicef5-768x1024.jpg 768w, https:\/\/eks-maintal.de\/home\/wp-content\/uploads\/2025\/12\/Unicef5-225x300.jpg 225w, https:\/\/eks-maintal.de\/home\/wp-content\/uploads\/2025\/12\/Unicef5-1152x1536.jpg 1152w, https:\/\/eks-maintal.de\/home\/wp-content\/uploads\/2025\/12\/Unicef5-1536x2048.jpg 1536w, https:\/\/eks-maintal.de\/home\/wp-content\/uploads\/2025\/12\/Unicef5-scaled.jpg 1920w\" sizes=\"(max-width: 768px) 100vw, 768px\" \/><\/figure>\n<\/figure>\n","protected":false},"excerpt":{"rendered":"<p>Anl\u00e4sslich des Internationalen Tags der Kinderrechte am 20. November 2025 hat sich die Erich K\u00e4stner-Schule engagiert an der bundesweiten Schulaktion von UNICEF beteiligt und ein starkes Zeichen f\u00fcr die Rechte, St\u00e4rken und die Vielfalt von Kindern gesetzt. Die Koordination lag in den H\u00e4nden von Meryem Yesilova, Stufenleiterin f\u00fcr die Jahrg\u00e4nge 7 und 8, die besonders [&hellip;]<\/p>\n","protected":false},"author":1,"featured_media":701,"comment_status":"open","ping_status":"open","sticky":false,"template":"","format":"standard","meta":{"footnotes":""},"categories":[1],"tags":[],"class_list":["post-696","post","type-post","status-publish","format-standard","has-post-thumbnail","hentry","category-allgemein"],"_links":{"self":[{"href":"https:\/\/eks-maintal.de\/home\/wp-json\/wp\/v2\/posts\/696","targetHints":{"allow":["GET"]}}],"collection":[{"href":"https:\/\/eks-maintal.de\/home\/wp-json\/wp\/v2\/posts"}],"about":[{"href":"https:\/\/eks-maintal.de\/home\/wp-json\/wp\/v2\/types\/post"}],"author":[{"embeddable":true,"href":"https:\/\/eks-maintal.de\/home\/wp-json\/wp\/v2\/users\/1"}],"replies":[{"embeddable":true,"href":"https:\/\/eks-maintal.de\/home\/wp-json\/wp\/v2\/comments?post=696"}],"version-history":[{"count":1,"href":"https:\/\/eks-maintal.de\/home\/wp-json\/wp\/v2\/posts\/696\/revisions"}],"predecessor-version":[{"id":702,"href":"https:\/\/eks-maintal.de\/home\/wp-json\/wp\/v2\/posts\/696\/revisions\/702"}],"wp:featuredmedia":[{"embeddable":true,"href":"https:\/\/eks-maintal.de\/home\/wp-json\/wp\/v2\/media\/701"}],"wp:attachment":[{"href":"https:\/\/eks-maintal.de\/home\/wp-json\/wp\/v2\/media?parent=696"}],"wp:term":[{"taxonomy":"category","embeddable":true,"href":"https:\/\/eks-maintal.de\/home\/wp-json\/wp\/v2\/categories?post=696"},{"taxonomy":"post_tag","embeddable":true,"href":"https:\/\/eks-maintal.de\/home\/wp-json\/wp\/v2\/tags?post=696"}],"curies":[{"name":"wp","href":"https:\/\/api.w.org\/{rel}","templated":true}]}}