{"id":705,"date":"2025-12-03T11:12:19","date_gmt":"2025-12-03T10:12:19","guid":{"rendered":"https:\/\/eks-maintal.de\/home\/?p=705"},"modified":"2025-12-03T11:12:20","modified_gmt":"2025-12-03T10:12:20","slug":"job-interview-an-der-erich-kaestner-schule-unternehmen-spitzke-stellt-ausbildungs-und-studienwege-vor","status":"publish","type":"post","link":"https:\/\/eks-maintal.de\/home\/2025\/12\/03\/job-interview-an-der-erich-kaestner-schule-unternehmen-spitzke-stellt-ausbildungs-und-studienwege-vor\/","title":{"rendered":"Job-Interview an der Erich K\u00e4stner-Schule: Unternehmen Spitzke stellt Ausbildungs- und Studienwege vor"},"content":{"rendered":"\n<p>Im Rahmen der Vorbereitung auf das Kompetenzfeststellungsverfahren KomPo7, das Anfang Dezember an der Erich K\u00e4stner-Schule durchgef\u00fchrt wird, erhielten die Sch\u00fclerinnen und Sch\u00fcler des 7. Jahrgangs einen besonders praxisnahen Einblick in verschiedene Ausbildungs- und Studienm\u00f6glichkeiten.<\/p>\n\n\n\n<p>In der Mensa der Schule fand ein ausf\u00fchrlicher Vortrag statt, den Referentin Jana M\u00fcller vom Infrastrukturunternehmen SPITZKE SE hielt. Die Veranstaltung kn\u00fcpfte an die erfolgreiche Teilnahme der Firma an der 14. Maintaler Lehrstellenb\u00f6rse im September an. Den Kontakt stellte Meryem Yesilova, Stufenleiterin der Jahrg\u00e4nge 7 und 8, her.<\/p>\n\n\n\n<p>W\u00e4hrend des Vortrags erfuhren die Jugendlichen, welche Ausbildungsberufe und dualen Studieng\u00e4nge SPITZKE anbietet \u2013 darunter technische, gewerbliche und kaufm\u00e4nnische Wege. Besonders anschaulich wurde dargestellt, wie vielseitig die Arbeit im Bereich Bahninfrastruktur ist: vom Gleisbau \u00fcber Elektrotechnik bis hin zu Logistik und Projektplanung.<\/p>\n\n\n\n<p>Zwei eindrucksvolle Videos zeigten authentische Einblicke in den Arbeitsalltag, die Teamarbeit auf Baustellen, moderne Maschinen und die gro\u00dfe Bedeutung der Projekte f\u00fcr den Schienenverkehr. F\u00fcr viele Sch\u00fclerinnen und Sch\u00fcler war es das erste Mal, dass sie konkret sehen konnten, wie umfassend und vielf\u00e4ltig die T\u00e4tigkeiten in diesem Feld sind.<\/p>\n\n\n\n<p>Stufenleiterin Meryem Yesilova betont die Bedeutung einer solchen fr\u00fchen Berufsorientierung:<strong>&nbsp;<\/strong>\u201eUnsere Sch\u00fclerinnen und Sch\u00fcler sollen echte Eindr\u00fccke von der Arbeitswelt bekommen \u2013 nicht nur theoretisch, sondern durch Menschen, die t\u00e4glich in diesen Berufen arbeiten. Solche Begegnungen motivieren, \u00f6ffnen Perspektiven und helfen den Jugendlichen, ihre eigenen St\u00e4rken besser einzuordnen.\u201c<\/p>\n\n\n\n<p>Die Sch\u00fclerinnen und Sch\u00fcler hatten sich im Unterricht bereits im Vorfeld intensiv vorbereitet und f\u00fchrten anschlie\u00dfend ein selbst konzipiertes Job-Interview mit der Referentin. Dabei stellten sie konkrete und teils anspruchsvolle Fragen \u2013 etwa zu Arbeitszeiten, Teamstrukturen, technischen Herausforderungen, Bewerbungsschritten oder den Besonderheiten der Ausbildungsberufe.<\/p>\n\n\n\n<p>Der Vortrag bildet einen wichtigen Baustein der Vorbereitung auf KomPo7, in dem die Sch\u00fclerinnen und Sch\u00fcler ihre Kompetenzen erkennen, Interessen vertiefen und erste berufliche Ideen entwickeln. Die Veranstaltung zeigte zudem, wie wertvoll die Kooperation zwischen Schule und regionalen Unternehmen ist \u2013 und wie praxisnah Berufsorientierung gestaltet werden kann.<\/p>\n\n\n\n<figure class=\"wp-block-gallery has-nested-images columns-default is-cropped wp-block-gallery-1 is-layout-flex wp-block-gallery-is-layout-flex\">\n<figure class=\"wp-block-image size-large\"><img fetchpriority=\"high\" decoding=\"async\" width=\"718\" height=\"1024\" data-id=\"706\" src=\"https:\/\/eks-maintal.de\/home\/wp-content\/uploads\/2025\/12\/Job-Interview-718x1024.jpg\" alt=\"\" class=\"wp-image-706\" srcset=\"https:\/\/eks-maintal.de\/home\/wp-content\/uploads\/2025\/12\/Job-Interview-718x1024.jpg 718w, https:\/\/eks-maintal.de\/home\/wp-content\/uploads\/2025\/12\/Job-Interview-210x300.jpg 210w, https:\/\/eks-maintal.de\/home\/wp-content\/uploads\/2025\/12\/Job-Interview-768x1095.jpg 768w, https:\/\/eks-maintal.de\/home\/wp-content\/uploads\/2025\/12\/Job-Interview-1077x1536.jpg 1077w, https:\/\/eks-maintal.de\/home\/wp-content\/uploads\/2025\/12\/Job-Interview-1436x2048.jpg 1436w, https:\/\/eks-maintal.de\/home\/wp-content\/uploads\/2025\/12\/Job-Interview.jpg 1698w\" sizes=\"(max-width: 718px) 100vw, 718px\" \/><\/figure>\n\n\n\n<figure class=\"wp-block-image size-large\"><img decoding=\"async\" width=\"768\" height=\"1024\" data-id=\"707\" src=\"https:\/\/eks-maintal.de\/home\/wp-content\/uploads\/2025\/12\/Job-Interview5-768x1024.jpg\" alt=\"\" class=\"wp-image-707\" srcset=\"https:\/\/eks-maintal.de\/home\/wp-content\/uploads\/2025\/12\/Job-Interview5-768x1024.jpg 768w, https:\/\/eks-maintal.de\/home\/wp-content\/uploads\/2025\/12\/Job-Interview5-225x300.jpg 225w, https:\/\/eks-maintal.de\/home\/wp-content\/uploads\/2025\/12\/Job-Interview5-1152x1536.jpg 1152w, https:\/\/eks-maintal.de\/home\/wp-content\/uploads\/2025\/12\/Job-Interview5-1536x2048.jpg 1536w, https:\/\/eks-maintal.de\/home\/wp-content\/uploads\/2025\/12\/Job-Interview5-scaled.jpg 1920w\" sizes=\"(max-width: 768px) 100vw, 768px\" \/><\/figure>\n\n\n\n<figure class=\"wp-block-image size-large\"><img decoding=\"async\" width=\"768\" height=\"1024\" data-id=\"708\" src=\"https:\/\/eks-maintal.de\/home\/wp-content\/uploads\/2025\/12\/Job-Interview4-768x1024.jpg\" alt=\"\" class=\"wp-image-708\" srcset=\"https:\/\/eks-maintal.de\/home\/wp-content\/uploads\/2025\/12\/Job-Interview4-768x1024.jpg 768w, https:\/\/eks-maintal.de\/home\/wp-content\/uploads\/2025\/12\/Job-Interview4-225x300.jpg 225w, https:\/\/eks-maintal.de\/home\/wp-content\/uploads\/2025\/12\/Job-Interview4-1152x1536.jpg 1152w, https:\/\/eks-maintal.de\/home\/wp-content\/uploads\/2025\/12\/Job-Interview4-1536x2048.jpg 1536w, https:\/\/eks-maintal.de\/home\/wp-content\/uploads\/2025\/12\/Job-Interview4.jpg 1844w\" sizes=\"(max-width: 768px) 100vw, 768px\" \/><\/figure>\n\n\n\n<figure class=\"wp-block-image size-large\"><img loading=\"lazy\" decoding=\"async\" width=\"768\" height=\"1024\" data-id=\"709\" src=\"https:\/\/eks-maintal.de\/home\/wp-content\/uploads\/2025\/12\/Job-Interview3-768x1024.jpg\" alt=\"\" class=\"wp-image-709\" srcset=\"https:\/\/eks-maintal.de\/home\/wp-content\/uploads\/2025\/12\/Job-Interview3-768x1024.jpg 768w, https:\/\/eks-maintal.de\/home\/wp-content\/uploads\/2025\/12\/Job-Interview3-225x300.jpg 225w, https:\/\/eks-maintal.de\/home\/wp-content\/uploads\/2025\/12\/Job-Interview3-1152x1536.jpg 1152w, https:\/\/eks-maintal.de\/home\/wp-content\/uploads\/2025\/12\/Job-Interview3-1536x2048.jpg 1536w, https:\/\/eks-maintal.de\/home\/wp-content\/uploads\/2025\/12\/Job-Interview3-scaled.jpg 1920w\" sizes=\"(max-width: 768px) 100vw, 768px\" \/><\/figure>\n\n\n\n<figure class=\"wp-block-image size-large\"><img loading=\"lazy\" decoding=\"async\" width=\"768\" height=\"1024\" data-id=\"711\" src=\"https:\/\/eks-maintal.de\/home\/wp-content\/uploads\/2025\/12\/Job-Interview2-768x1024.jpg\" alt=\"\" class=\"wp-image-711\" srcset=\"https:\/\/eks-maintal.de\/home\/wp-content\/uploads\/2025\/12\/Job-Interview2-768x1024.jpg 768w, https:\/\/eks-maintal.de\/home\/wp-content\/uploads\/2025\/12\/Job-Interview2-225x300.jpg 225w, https:\/\/eks-maintal.de\/home\/wp-content\/uploads\/2025\/12\/Job-Interview2-1152x1536.jpg 1152w, https:\/\/eks-maintal.de\/home\/wp-content\/uploads\/2025\/12\/Job-Interview2.jpg 1472w\" sizes=\"(max-width: 768px) 100vw, 768px\" \/><\/figure>\n\n\n\n<figure class=\"wp-block-image size-large\"><img loading=\"lazy\" decoding=\"async\" width=\"768\" height=\"1024\" data-id=\"712\" src=\"https:\/\/eks-maintal.de\/home\/wp-content\/uploads\/2025\/12\/Job-Interview1-768x1024.jpg\" alt=\"\" class=\"wp-image-712\" srcset=\"https:\/\/eks-maintal.de\/home\/wp-content\/uploads\/2025\/12\/Job-Interview1-768x1024.jpg 768w, https:\/\/eks-maintal.de\/home\/wp-content\/uploads\/2025\/12\/Job-Interview1-225x300.jpg 225w, https:\/\/eks-maintal.de\/home\/wp-content\/uploads\/2025\/12\/Job-Interview1-1152x1536.jpg 1152w, https:\/\/eks-maintal.de\/home\/wp-content\/uploads\/2025\/12\/Job-Interview1-1536x2048.jpg 1536w, https:\/\/eks-maintal.de\/home\/wp-content\/uploads\/2025\/12\/Job-Interview1.jpg 1831w\" sizes=\"(max-width: 768px) 100vw, 768px\" \/><\/figure>\n<\/figure>\n","protected":false},"excerpt":{"rendered":"<p>Im Rahmen der Vorbereitung auf das Kompetenzfeststellungsverfahren KomPo7, das Anfang Dezember an der Erich K\u00e4stner-Schule durchgef\u00fchrt wird, erhielten die Sch\u00fclerinnen und Sch\u00fcler des 7. Jahrgangs einen besonders praxisnahen Einblick in verschiedene Ausbildungs- und Studienm\u00f6glichkeiten. In der Mensa der Schule fand ein ausf\u00fchrlicher Vortrag statt, den Referentin Jana M\u00fcller vom Infrastrukturunternehmen SPITZKE SE hielt. Die Veranstaltung [&hellip;]<\/p>\n","protected":false},"author":1,"featured_media":706,"comment_status":"open","ping_status":"open","sticky":false,"template":"","format":"standard","meta":{"footnotes":""},"categories":[1],"tags":[],"class_list":["post-705","post","type-post","status-publish","format-standard","has-post-thumbnail","hentry","category-allgemein"],"_links":{"self":[{"href":"https:\/\/eks-maintal.de\/home\/wp-json\/wp\/v2\/posts\/705","targetHints":{"allow":["GET"]}}],"collection":[{"href":"https:\/\/eks-maintal.de\/home\/wp-json\/wp\/v2\/posts"}],"about":[{"href":"https:\/\/eks-maintal.de\/home\/wp-json\/wp\/v2\/types\/post"}],"author":[{"embeddable":true,"href":"https:\/\/eks-maintal.de\/home\/wp-json\/wp\/v2\/users\/1"}],"replies":[{"embeddable":true,"href":"https:\/\/eks-maintal.de\/home\/wp-json\/wp\/v2\/comments?post=705"}],"version-history":[{"count":2,"href":"https:\/\/eks-maintal.de\/home\/wp-json\/wp\/v2\/posts\/705\/revisions"}],"predecessor-version":[{"id":713,"href":"https:\/\/eks-maintal.de\/home\/wp-json\/wp\/v2\/posts\/705\/revisions\/713"}],"wp:featuredmedia":[{"embeddable":true,"href":"https:\/\/eks-maintal.de\/home\/wp-json\/wp\/v2\/media\/706"}],"wp:attachment":[{"href":"https:\/\/eks-maintal.de\/home\/wp-json\/wp\/v2\/media?parent=705"}],"wp:term":[{"taxonomy":"category","embeddable":true,"href":"https:\/\/eks-maintal.de\/home\/wp-json\/wp\/v2\/categories?post=705"},{"taxonomy":"post_tag","embeddable":true,"href":"https:\/\/eks-maintal.de\/home\/wp-json\/wp\/v2\/tags?post=705"}],"curies":[{"name":"wp","href":"https:\/\/api.w.org\/{rel}","templated":true}]}}