{"id":730,"date":"2025-12-10T10:06:17","date_gmt":"2025-12-10T09:06:17","guid":{"rendered":"https:\/\/eks-maintal.de\/home\/?p=730"},"modified":"2025-12-10T10:06:19","modified_gmt":"2025-12-10T09:06:19","slug":"beeindruckendes-theaterstueck-ueber-mobbing-an-der-erich-kaestner-schule-maintal","status":"publish","type":"post","link":"https:\/\/eks-maintal.de\/home\/2025\/12\/10\/beeindruckendes-theaterstueck-ueber-mobbing-an-der-erich-kaestner-schule-maintal\/","title":{"rendered":"Beeindruckendes Theaterst\u00fcck \u00fcber Mobbing an der Erich K\u00e4stner-Schule Maintal"},"content":{"rendered":"\n<p>Einen bedeutenden Beitrag zur Pr\u00e4ventionsarbeit leistete der Weimarer Kultur-Express an der Erich K\u00e4stner-Schule Maintal. F\u00fcr die Jahrg\u00e4nge 7 und 8 f\u00fchrte das Ensemble das eindrucksvolle Pr\u00e4senztheaterst\u00fcck \u201eMobbing \u2013 Wenn Ausgrenzung einsam macht\u201c auf. Organisiert wurde die Veranstaltung von Schulsozialarbeiter Denis Gado, unterst\u00fctzt von der Stufenleiterin der Jahrg\u00e4nge 7 und 8, Meryem Yesilova, die beide gro\u00dfen Wert darauf legen, Mobbing fr\u00fchzeitig entgegenzuwirken und Sch\u00fclerinnen und Sch\u00fcler f\u00fcr dieses wichtige Thema zu sensibilisieren.<\/p>\n\n\n\n<p>Im Mittelpunkt des St\u00fccks steht der Beginn eines neuen Schuljahres. Zwei Klassen werden zusammengelegt. Laura, die Jahrgangsbeste, und Franzi, beliebte Klassensprecherin und Jahrgangszweite, sitzen nebeneinander. Was zun\u00e4chst nach einer idealen Sitznachbarschaft aussieht, entwickelt sich schon bald zu einem Albtraum.<\/p>\n\n\n\n<p>\u201eMobbing \u2013 Wenn Ausgrenzung einsam macht\u201c erz\u00e4hlt rasant und fesselnd die Geschichte der schleichenden Entstehung von Ausgrenzung, Besch\u00e4mung und st\u00e4ndiger Schikanierung. Das St\u00fcck wirft zentrale Fragen auf: Warum werden Menschen zu Opfern? Was bringt andere dazu, jemanden gezielt fertigzumachen? Wie reagieren Au\u00dfenstehende in solchen Situationen? Wie kann man sich als betroffene Person wehren? Und welche Rolle spielt Cybermobbing, das l\u00e4ngst ein Teil des schulischen Alltags geworden ist?<\/p>\n\n\n\n<p>Besonders bedeutsam waren die emotionalen Momente, in denen die Auswirkungen der Ausgrenzung sichtbar wurden. Viele Sch\u00fclerinnen und Sch\u00fcler erkannten Situationen wieder, die sie aus ihrem eigenen Schulalltag kennen \u2013 sei es als Beobachter, Mitwirkende oder Betroffene. Die Auff\u00fchrung regte sp\u00fcrbar zum Nachdenken an und machte deutlich, wie wichtig ein respektvolles und achtsames Miteinander ist.<\/p>\n\n\n\n<p>Im anschlie\u00dfenden Austausch zwischen Ensemble und Klassen entstand ein offener Raum f\u00fcr Fragen, Reflexionen und pers\u00f6nliche Gedanken. Es wurde dar\u00fcber gesprochen, wie Mobbing fr\u00fch erkannt werden kann, welche Verantwortung jede und jeder Einzelne tr\u00e4gt und welche M\u00f6glichkeiten es gibt, Betroffene zu unterst\u00fctzen oder selbst Hilfe zu holen. Der Dialog zeigte, wie gro\u00df das Interesse der Sch\u00fclerinnen und Sch\u00fcler daran ist, Konflikte besser zu verstehen und sich aktiv gegen Ausgrenzung einzusetzen.<\/p>\n\n\n\n<p>Denis Gado hob hervor, dass solche Theaterprojekte eine einzigartige Chance bieten, die Jugendlichen emotional zu erreichen: \u201eTheater kann Dinge sichtbar machen, die im Alltag oft \u00fcbersehen werden. Es ber\u00fchrt, r\u00fcttelt auf und \u00f6ffnet wichtige Gespr\u00e4che.\u201c Auch Meryem Yesilova betonte die Bedeutung pr\u00e4ventiver Arbeit und lobte die starke Wirkung des St\u00fccks auf die Sch\u00fclerinnen und Sch\u00fcler.<\/p>\n\n\n\n<p>Die Auff\u00fchrung war ein wertvoller Impuls, der noch lange nachwirken d\u00fcrfte und den Blick f\u00fcr ein respektvolles Miteinander an der Schule nachhaltig sch\u00e4rft.<\/p>\n\n\n\n<figure class=\"wp-block-image size-large\"><img fetchpriority=\"high\" decoding=\"async\" width=\"782\" height=\"1024\" src=\"https:\/\/eks-maintal.de\/home\/wp-content\/uploads\/2025\/12\/Theaterstueck-zum-Thema-Mobbing-782x1024.jpg\" alt=\"\" class=\"wp-image-731\" srcset=\"https:\/\/eks-maintal.de\/home\/wp-content\/uploads\/2025\/12\/Theaterstueck-zum-Thema-Mobbing-782x1024.jpg 782w, https:\/\/eks-maintal.de\/home\/wp-content\/uploads\/2025\/12\/Theaterstueck-zum-Thema-Mobbing-229x300.jpg 229w, https:\/\/eks-maintal.de\/home\/wp-content\/uploads\/2025\/12\/Theaterstueck-zum-Thema-Mobbing-768x1005.jpg 768w, https:\/\/eks-maintal.de\/home\/wp-content\/uploads\/2025\/12\/Theaterstueck-zum-Thema-Mobbing-1173x1536.jpg 1173w, https:\/\/eks-maintal.de\/home\/wp-content\/uploads\/2025\/12\/Theaterstueck-zum-Thema-Mobbing-1564x2048.jpg 1564w, https:\/\/eks-maintal.de\/home\/wp-content\/uploads\/2025\/12\/Theaterstueck-zum-Thema-Mobbing-scaled.jpg 1956w\" sizes=\"(max-width: 782px) 100vw, 782px\" \/><\/figure>\n","protected":false},"excerpt":{"rendered":"<p>Einen bedeutenden Beitrag zur Pr\u00e4ventionsarbeit leistete der Weimarer Kultur-Express an der Erich K\u00e4stner-Schule Maintal. F\u00fcr die Jahrg\u00e4nge 7 und 8 f\u00fchrte das Ensemble das eindrucksvolle Pr\u00e4senztheaterst\u00fcck \u201eMobbing \u2013 Wenn Ausgrenzung einsam macht\u201c auf. Organisiert wurde die Veranstaltung von Schulsozialarbeiter Denis Gado, unterst\u00fctzt von der Stufenleiterin der Jahrg\u00e4nge 7 und 8, Meryem Yesilova, die beide gro\u00dfen [&hellip;]<\/p>\n","protected":false},"author":1,"featured_media":731,"comment_status":"open","ping_status":"open","sticky":false,"template":"","format":"standard","meta":{"footnotes":""},"categories":[1],"tags":[],"class_list":["post-730","post","type-post","status-publish","format-standard","has-post-thumbnail","hentry","category-allgemein"],"_links":{"self":[{"href":"https:\/\/eks-maintal.de\/home\/wp-json\/wp\/v2\/posts\/730","targetHints":{"allow":["GET"]}}],"collection":[{"href":"https:\/\/eks-maintal.de\/home\/wp-json\/wp\/v2\/posts"}],"about":[{"href":"https:\/\/eks-maintal.de\/home\/wp-json\/wp\/v2\/types\/post"}],"author":[{"embeddable":true,"href":"https:\/\/eks-maintal.de\/home\/wp-json\/wp\/v2\/users\/1"}],"replies":[{"embeddable":true,"href":"https:\/\/eks-maintal.de\/home\/wp-json\/wp\/v2\/comments?post=730"}],"version-history":[{"count":1,"href":"https:\/\/eks-maintal.de\/home\/wp-json\/wp\/v2\/posts\/730\/revisions"}],"predecessor-version":[{"id":732,"href":"https:\/\/eks-maintal.de\/home\/wp-json\/wp\/v2\/posts\/730\/revisions\/732"}],"wp:featuredmedia":[{"embeddable":true,"href":"https:\/\/eks-maintal.de\/home\/wp-json\/wp\/v2\/media\/731"}],"wp:attachment":[{"href":"https:\/\/eks-maintal.de\/home\/wp-json\/wp\/v2\/media?parent=730"}],"wp:term":[{"taxonomy":"category","embeddable":true,"href":"https:\/\/eks-maintal.de\/home\/wp-json\/wp\/v2\/categories?post=730"},{"taxonomy":"post_tag","embeddable":true,"href":"https:\/\/eks-maintal.de\/home\/wp-json\/wp\/v2\/tags?post=730"}],"curies":[{"name":"wp","href":"https:\/\/api.w.org\/{rel}","templated":true}]}}