{"id":733,"date":"2025-12-10T10:09:31","date_gmt":"2025-12-10T09:09:31","guid":{"rendered":"https:\/\/eks-maintal.de\/home\/?p=733"},"modified":"2025-12-10T10:09:33","modified_gmt":"2025-12-10T09:09:33","slug":"die-mensa-der-erich-kaestner-schule-maintal-im-weihnachtlichen-glanz","status":"publish","type":"post","link":"https:\/\/eks-maintal.de\/home\/2025\/12\/10\/die-mensa-der-erich-kaestner-schule-maintal-im-weihnachtlichen-glanz\/","title":{"rendered":"Die Mensa der Erich K\u00e4stner-Schule Maintal im weihnachtlichen Glanz"},"content":{"rendered":"\n<p>Festlicher Glanz hat Einzug in die Mensa der Erich K\u00e4stner-Schule Maintal gehalten: Ein beeindruckender, rund drei Meter hoher Weihnachtsbaum begr\u00fc\u00dft Sch\u00fclerinnen, Sch\u00fcler, Lehrkr\u00e4fte und G\u00e4ste bereits beim Betreten der Mensa und sorgt sofort f\u00fcr eine warme, vorweihnachtliche Atmosph\u00e4re. Die pr\u00e4chtige Nordmann-Tanne, die in sattem Gr\u00fcn erstrahlt, bildet damit den Mittelpunkt der diesj\u00e4hrigen Adventsdekoration.<br><br>M\u00f6glich wurde dieses besondere Highlight durch eine gro\u00dfz\u00fcgige Spende des Weihnachtsbaumservice G.T. aus Aura im Sinngrund. Die Organisation des Baumes \u00fcbernahm Schulleiterin Stefanie Thor, die sich damit einmal mehr f\u00fcr eine besonders stimmungsvolle Adventszeit an der Schule engagierte.<br><br>Ein ebenso gro\u00dfer Dank gilt dem 9er WP-Kurs von Lehrerin Meryem Yesilova, der den Baum mit viel Kreativit\u00e4t, Liebe zum Detail und gro\u00dfem Teamgeist geschm\u00fcckt hat. Mit gl\u00e4nzenden Kugeln, funkelnden Schneeflocken und geschmackvollen Deko-Elementen verwandelten die Sch\u00fclerinnen und Sch\u00fcler die Tanne in ein wahres Weihnachts-Highlight. Ihr Engagement zeigt einmal mehr, wie gemeinsames Anpacken zu etwas Wunderbarem f\u00fchren kann.<br><br>So l\u00e4dt der festlich geschm\u00fcckte Baum in diesen Wochen nicht nur zum Staunen ein, sondern st\u00e4rkt auch das Gemeinschaftsgef\u00fchl und l\u00e4sst die Vorfreude auf Weihnachten in der gesamten Schule sp\u00fcrbar werden.<\/p>\n\n\n\n<figure class=\"wp-block-gallery has-nested-images columns-default is-cropped wp-block-gallery-1 is-layout-flex wp-block-gallery-is-layout-flex\">\n<figure class=\"wp-block-image size-large\"><img fetchpriority=\"high\" decoding=\"async\" width=\"768\" height=\"1024\" data-id=\"734\" src=\"https:\/\/eks-maintal.de\/home\/wp-content\/uploads\/2025\/12\/Weihnacht1-768x1024.jpg\" alt=\"\" class=\"wp-image-734\" srcset=\"https:\/\/eks-maintal.de\/home\/wp-content\/uploads\/2025\/12\/Weihnacht1-768x1024.jpg 768w, https:\/\/eks-maintal.de\/home\/wp-content\/uploads\/2025\/12\/Weihnacht1-225x300.jpg 225w, https:\/\/eks-maintal.de\/home\/wp-content\/uploads\/2025\/12\/Weihnacht1.jpg 960w\" sizes=\"(max-width: 768px) 100vw, 768px\" \/><\/figure>\n\n\n\n<figure class=\"wp-block-image size-large\"><img decoding=\"async\" width=\"696\" height=\"1024\" data-id=\"735\" src=\"https:\/\/eks-maintal.de\/home\/wp-content\/uploads\/2025\/12\/Weihnacht4-696x1024.jpg\" alt=\"\" class=\"wp-image-735\" srcset=\"https:\/\/eks-maintal.de\/home\/wp-content\/uploads\/2025\/12\/Weihnacht4-696x1024.jpg 696w, https:\/\/eks-maintal.de\/home\/wp-content\/uploads\/2025\/12\/Weihnacht4-204x300.jpg 204w, https:\/\/eks-maintal.de\/home\/wp-content\/uploads\/2025\/12\/Weihnacht4-768x1130.jpg 768w, https:\/\/eks-maintal.de\/home\/wp-content\/uploads\/2025\/12\/Weihnacht4-1044x1536.jpg 1044w, https:\/\/eks-maintal.de\/home\/wp-content\/uploads\/2025\/12\/Weihnacht4-1392x2048.jpg 1392w, https:\/\/eks-maintal.de\/home\/wp-content\/uploads\/2025\/12\/Weihnacht4-scaled.jpg 1740w\" sizes=\"(max-width: 696px) 100vw, 696px\" \/><\/figure>\n\n\n\n<figure class=\"wp-block-image size-large\"><img decoding=\"async\" width=\"756\" height=\"1024\" data-id=\"736\" src=\"https:\/\/eks-maintal.de\/home\/wp-content\/uploads\/2025\/12\/Weihnacht3-756x1024.jpg\" alt=\"\" class=\"wp-image-736\" srcset=\"https:\/\/eks-maintal.de\/home\/wp-content\/uploads\/2025\/12\/Weihnacht3-756x1024.jpg 756w, https:\/\/eks-maintal.de\/home\/wp-content\/uploads\/2025\/12\/Weihnacht3-221x300.jpg 221w, https:\/\/eks-maintal.de\/home\/wp-content\/uploads\/2025\/12\/Weihnacht3-768x1040.jpg 768w, https:\/\/eks-maintal.de\/home\/wp-content\/uploads\/2025\/12\/Weihnacht3-1134x1536.jpg 1134w, https:\/\/eks-maintal.de\/home\/wp-content\/uploads\/2025\/12\/Weihnacht3-1512x2048.jpg 1512w, https:\/\/eks-maintal.de\/home\/wp-content\/uploads\/2025\/12\/Weihnacht3-scaled.jpg 1890w\" sizes=\"(max-width: 756px) 100vw, 756px\" \/><\/figure>\n\n\n\n<figure class=\"wp-block-image size-large\"><img loading=\"lazy\" decoding=\"async\" width=\"768\" height=\"1024\" data-id=\"737\" src=\"https:\/\/eks-maintal.de\/home\/wp-content\/uploads\/2025\/12\/Weihnacht2-768x1024.jpg\" alt=\"\" class=\"wp-image-737\" srcset=\"https:\/\/eks-maintal.de\/home\/wp-content\/uploads\/2025\/12\/Weihnacht2-768x1024.jpg 768w, https:\/\/eks-maintal.de\/home\/wp-content\/uploads\/2025\/12\/Weihnacht2-225x300.jpg 225w, https:\/\/eks-maintal.de\/home\/wp-content\/uploads\/2025\/12\/Weihnacht2-1152x1536.jpg 1152w, https:\/\/eks-maintal.de\/home\/wp-content\/uploads\/2025\/12\/Weihnacht2-1536x2048.jpg 1536w, https:\/\/eks-maintal.de\/home\/wp-content\/uploads\/2025\/12\/Weihnacht2-scaled.jpg 1920w\" sizes=\"(max-width: 768px) 100vw, 768px\" \/><\/figure>\n<\/figure>\n","protected":false},"excerpt":{"rendered":"<p>Festlicher Glanz hat Einzug in die Mensa der Erich K\u00e4stner-Schule Maintal gehalten: Ein beeindruckender, rund drei Meter hoher Weihnachtsbaum begr\u00fc\u00dft Sch\u00fclerinnen, Sch\u00fcler, Lehrkr\u00e4fte und G\u00e4ste bereits beim Betreten der Mensa und sorgt sofort f\u00fcr eine warme, vorweihnachtliche Atmosph\u00e4re. Die pr\u00e4chtige Nordmann-Tanne, die in sattem Gr\u00fcn erstrahlt, bildet damit den Mittelpunkt der diesj\u00e4hrigen Adventsdekoration. M\u00f6glich wurde [&hellip;]<\/p>\n","protected":false},"author":1,"featured_media":735,"comment_status":"open","ping_status":"open","sticky":false,"template":"","format":"standard","meta":{"footnotes":""},"categories":[1],"tags":[],"class_list":["post-733","post","type-post","status-publish","format-standard","has-post-thumbnail","hentry","category-allgemein"],"_links":{"self":[{"href":"https:\/\/eks-maintal.de\/home\/wp-json\/wp\/v2\/posts\/733","targetHints":{"allow":["GET"]}}],"collection":[{"href":"https:\/\/eks-maintal.de\/home\/wp-json\/wp\/v2\/posts"}],"about":[{"href":"https:\/\/eks-maintal.de\/home\/wp-json\/wp\/v2\/types\/post"}],"author":[{"embeddable":true,"href":"https:\/\/eks-maintal.de\/home\/wp-json\/wp\/v2\/users\/1"}],"replies":[{"embeddable":true,"href":"https:\/\/eks-maintal.de\/home\/wp-json\/wp\/v2\/comments?post=733"}],"version-history":[{"count":1,"href":"https:\/\/eks-maintal.de\/home\/wp-json\/wp\/v2\/posts\/733\/revisions"}],"predecessor-version":[{"id":738,"href":"https:\/\/eks-maintal.de\/home\/wp-json\/wp\/v2\/posts\/733\/revisions\/738"}],"wp:featuredmedia":[{"embeddable":true,"href":"https:\/\/eks-maintal.de\/home\/wp-json\/wp\/v2\/media\/735"}],"wp:attachment":[{"href":"https:\/\/eks-maintal.de\/home\/wp-json\/wp\/v2\/media?parent=733"}],"wp:term":[{"taxonomy":"category","embeddable":true,"href":"https:\/\/eks-maintal.de\/home\/wp-json\/wp\/v2\/categories?post=733"},{"taxonomy":"post_tag","embeddable":true,"href":"https:\/\/eks-maintal.de\/home\/wp-json\/wp\/v2\/tags?post=733"}],"curies":[{"name":"wp","href":"https:\/\/api.w.org\/{rel}","templated":true}]}}