{"id":739,"date":"2025-12-10T10:12:48","date_gmt":"2025-12-10T09:12:48","guid":{"rendered":"https:\/\/eks-maintal.de\/home\/?p=739"},"modified":"2025-12-10T10:12:49","modified_gmt":"2025-12-10T09:12:49","slug":"erich-kaestner-schule-fuehrt-weihnachtspaeckchenaktion-auch-2025-fort","status":"publish","type":"post","link":"https:\/\/eks-maintal.de\/home\/2025\/12\/10\/erich-kaestner-schule-fuehrt-weihnachtspaeckchenaktion-auch-2025-fort\/","title":{"rendered":"Erich K\u00e4stner-Schule f\u00fchrt Weihnachtsp\u00e4ckchenaktion auch 2025 fort"},"content":{"rendered":"\n<p>Seit sehr vielen Jahren beteiligt sich die Erich K\u00e4stner-Schule in Maintal an der Weihnachtsp\u00e4ckchenaktion der Stiftung Kinderzukunft \u2013 eine Tradition, die auch im Jahr 2025 mit gro\u00dfer Herzlichkeit und Gemeinschaft fortgef\u00fchrt wurde. Getreu dem Motto Erich K\u00e4stners \u201eEs gibt nichts Gutes, au\u00dfer man tut es.\u201c packten die Sch\u00fclerinnen und Sch\u00fcler zahlreiche P\u00e4ckchen, um Kindern in schwierigen Lebenssituationen zu Weihnachten eine Freude zu bereiten.<\/p>\n\n\n\n<p>Bereits im November starteten in den Klassen die Vorbereitungen: Es wurde gesammelt, sortiert und liebevoll verpackt. Die Kartons, gef\u00fcllt mit Spielsachen, Bastelmaterial, S\u00fc\u00dfigkeiten und Kuscheltieren, spiegeln den gro\u00dfen Einsatz der Schulgemeinschaft wider.<\/p>\n\n\n\n<p>In dieser Woche war es soweit \u2013 die Stiftung Kinderzukunft holte die P\u00e4ckchen an der Schule ab. Von dort aus machen sie sich auf den Weg nach Bosnien, Rum\u00e4nien und in die Ukraine, wo sie Kindern zugutekommen, f\u00fcr die Weihnachtsgeschenke keine Selbstverst\u00e4ndlichkeit sind.<\/p>\n\n\n\n<p>Ein besonderer Dank gilt erneut Frau Neum\u00e4rker, Mutter eines ehemaligen Sch\u00fclers der Erich K\u00e4stner-Schule.&nbsp;Sie unterst\u00fctzt die Aktion seit vielen Jahren und hat diesmal 50 liebevoll gepackte P\u00e4ckchen beigesteuert \u2013 ein herausragender Beitrag, der von der ganzen Schulgemeinschaft mit gro\u00dfer Wertsch\u00e4tzung gesehen wird.<\/p>\n\n\n\n<p>Eine zentrale Rolle spielt zudem Lehrer Walter Br\u00f6ckers. Sein au\u00dfergew\u00f6hnliches Engagement pr\u00e4gt die Aktion seit Jahren in besonderer Weise. Mit gro\u00dfem organisatorischem Einsatz, pers\u00f6nlicher Zeit und unerm\u00fcdlicher Motivation sorgt er daf\u00fcr, dass jedes Detail stimmt \u2013 vom Sammeln \u00fcber das Verpacken bis hin zur Vorbereitung der Abholung. Ohne seinen langj\u00e4hrigen Einsatz w\u00e4re die Weihnachtsp\u00e4ckchenaktion in dieser Form nicht denkbar.<\/p>\n\n\n\n<p>Schulleiterin Frau Stefanie Thor zeigte sich stolz auf die Beteiligung der gesamten Schulgemeinschaft:&nbsp;\u201eDie Weihnachtsp\u00e4ckchenaktion ist ein wertvoller Bestandteil unseres Schulalltags geworden. Sie verbindet unsere Sch\u00fclerinnen und Sch\u00fcler und vermittelt ihnen, wie wichtig Mitgef\u00fchl, Engagement und Verantwortung sind.\u201c<\/p>\n\n\n\n<p>Auch 2025 setzt die Erich K\u00e4stner-Schule damit ein starkes Zeichen f\u00fcr Solidarit\u00e4t und N\u00e4chstenliebe \u2013 und beweist, dass gelebte Hilfsbereitschaft eine Tradition sein kann, die Kinder \u00fcber Grenzen hinweg miteinander verbindet.<\/p>\n\n\n\n<figure class=\"wp-block-gallery has-nested-images columns-default is-cropped wp-block-gallery-1 is-layout-flex wp-block-gallery-is-layout-flex\">\n<figure class=\"wp-block-image size-large\"><img fetchpriority=\"high\" decoding=\"async\" width=\"768\" height=\"1024\" data-id=\"742\" src=\"https:\/\/eks-maintal.de\/home\/wp-content\/uploads\/2025\/12\/Paeckchen2-768x1024.jpg\" alt=\"\" class=\"wp-image-742\" srcset=\"https:\/\/eks-maintal.de\/home\/wp-content\/uploads\/2025\/12\/Paeckchen2-768x1024.jpg 768w, https:\/\/eks-maintal.de\/home\/wp-content\/uploads\/2025\/12\/Paeckchen2-225x300.jpg 225w, https:\/\/eks-maintal.de\/home\/wp-content\/uploads\/2025\/12\/Paeckchen2-1152x1536.jpg 1152w, https:\/\/eks-maintal.de\/home\/wp-content\/uploads\/2025\/12\/Paeckchen2.jpg 1500w\" sizes=\"(max-width: 768px) 100vw, 768px\" \/><\/figure>\n\n\n\n<figure class=\"wp-block-image size-large\"><img decoding=\"async\" width=\"768\" height=\"1024\" data-id=\"741\" src=\"https:\/\/eks-maintal.de\/home\/wp-content\/uploads\/2025\/12\/Paeckchen3-768x1024.jpg\" alt=\"\" class=\"wp-image-741\" srcset=\"https:\/\/eks-maintal.de\/home\/wp-content\/uploads\/2025\/12\/Paeckchen3-768x1024.jpg 768w, https:\/\/eks-maintal.de\/home\/wp-content\/uploads\/2025\/12\/Paeckchen3-225x300.jpg 225w, https:\/\/eks-maintal.de\/home\/wp-content\/uploads\/2025\/12\/Paeckchen3-1152x1536.jpg 1152w, https:\/\/eks-maintal.de\/home\/wp-content\/uploads\/2025\/12\/Paeckchen3.jpg 1500w\" sizes=\"(max-width: 768px) 100vw, 768px\" \/><\/figure>\n\n\n\n<figure class=\"wp-block-image size-large\"><img decoding=\"async\" width=\"768\" height=\"1024\" data-id=\"740\" src=\"https:\/\/eks-maintal.de\/home\/wp-content\/uploads\/2025\/12\/Paeckchen1-768x1024.jpg\" alt=\"\" class=\"wp-image-740\" srcset=\"https:\/\/eks-maintal.de\/home\/wp-content\/uploads\/2025\/12\/Paeckchen1-768x1024.jpg 768w, https:\/\/eks-maintal.de\/home\/wp-content\/uploads\/2025\/12\/Paeckchen1-225x300.jpg 225w, https:\/\/eks-maintal.de\/home\/wp-content\/uploads\/2025\/12\/Paeckchen1-1152x1536.jpg 1152w, https:\/\/eks-maintal.de\/home\/wp-content\/uploads\/2025\/12\/Paeckchen1.jpg 1500w\" sizes=\"(max-width: 768px) 100vw, 768px\" \/><\/figure>\n<\/figure>\n","protected":false},"excerpt":{"rendered":"<p>Seit sehr vielen Jahren beteiligt sich die Erich K\u00e4stner-Schule in Maintal an der Weihnachtsp\u00e4ckchenaktion der Stiftung Kinderzukunft \u2013 eine Tradition, die auch im Jahr 2025 mit gro\u00dfer Herzlichkeit und Gemeinschaft fortgef\u00fchrt wurde. Getreu dem Motto Erich K\u00e4stners \u201eEs gibt nichts Gutes, au\u00dfer man tut es.\u201c packten die Sch\u00fclerinnen und Sch\u00fcler zahlreiche P\u00e4ckchen, um Kindern in [&hellip;]<\/p>\n","protected":false},"author":1,"featured_media":742,"comment_status":"open","ping_status":"open","sticky":false,"template":"","format":"standard","meta":{"footnotes":""},"categories":[1],"tags":[],"class_list":["post-739","post","type-post","status-publish","format-standard","has-post-thumbnail","hentry","category-allgemein"],"_links":{"self":[{"href":"https:\/\/eks-maintal.de\/home\/wp-json\/wp\/v2\/posts\/739","targetHints":{"allow":["GET"]}}],"collection":[{"href":"https:\/\/eks-maintal.de\/home\/wp-json\/wp\/v2\/posts"}],"about":[{"href":"https:\/\/eks-maintal.de\/home\/wp-json\/wp\/v2\/types\/post"}],"author":[{"embeddable":true,"href":"https:\/\/eks-maintal.de\/home\/wp-json\/wp\/v2\/users\/1"}],"replies":[{"embeddable":true,"href":"https:\/\/eks-maintal.de\/home\/wp-json\/wp\/v2\/comments?post=739"}],"version-history":[{"count":1,"href":"https:\/\/eks-maintal.de\/home\/wp-json\/wp\/v2\/posts\/739\/revisions"}],"predecessor-version":[{"id":743,"href":"https:\/\/eks-maintal.de\/home\/wp-json\/wp\/v2\/posts\/739\/revisions\/743"}],"wp:featuredmedia":[{"embeddable":true,"href":"https:\/\/eks-maintal.de\/home\/wp-json\/wp\/v2\/media\/742"}],"wp:attachment":[{"href":"https:\/\/eks-maintal.de\/home\/wp-json\/wp\/v2\/media?parent=739"}],"wp:term":[{"taxonomy":"category","embeddable":true,"href":"https:\/\/eks-maintal.de\/home\/wp-json\/wp\/v2\/categories?post=739"},{"taxonomy":"post_tag","embeddable":true,"href":"https:\/\/eks-maintal.de\/home\/wp-json\/wp\/v2\/tags?post=739"}],"curies":[{"name":"wp","href":"https:\/\/api.w.org\/{rel}","templated":true}]}}